{"id":108432,"date":"2017-03-08T00:21:59","date_gmt":"2017-03-08T03:21:59","guid":{"rendered":"http:\/\/www.redenoticia.com.br\/noticia\/?p=108432"},"modified":"2017-03-07T15:23:19","modified_gmt":"2017-03-07T18:23:19","slug":"numero-de-familias-endividadas-e-inadimplentes-cresce-de-janeiro-para-fevereiro","status":"publish","type":"post","link":"https:\/\/www.redenoticia.com.br\/noticia\/2017\/numero-de-familias-endividadas-e-inadimplentes-cresce-de-janeiro-para-fevereiro\/108432","title":{"rendered":"N\u00famero de fam\u00edlias endividadas e inadimplentes cresce de janeiro para fevereiro"},"content":{"rendered":"<p> O percentual de <strong><em>fam\u00edlias endividadas e inadimplentes<\/em><\/strong> cresceu na passagem de janeiro para fevereiro deste ano, segundo Pesquisa Nacional de Endividamento e Inadimpl\u00eancia do Consumidor, da Confedera\u00e7\u00e3o Nacional do Com\u00e9rcio de Bens, Servi\u00e7os e Turismo (CNC).<\/p>\n<p>A propor\u00e7\u00e3o de fam\u00edlias com d\u00edvidas passou de 55,6% em janeiro para 56,2% em fevereiro. J\u00e1 o \u00edndice de inadimplentes, ou seja, de fam\u00edlias com alguma d\u00edvida ou conta em atraso, cresceu de 22,7% em janeiro para 23% em fevereiro. Tamb\u00e9m houve aumento do percentual de fam\u00edlias que n\u00e3o ter\u00e3o condi\u00e7\u00f5es de pagar suas d\u00edvidas, de 9,3% para 9,8%.<\/p>\n<p>Na compara\u00e7\u00e3o com fevereiro de 2016, no entanto, os percentuais de endividados e inadimplentes caiu, j\u00e1 que, naquele per\u00edodo, as fam\u00edlias com d\u00edvidas representavam 60,8% do total e as inadimplentes, 23,3%. As fam\u00edlias que n\u00e3o tinham condi\u00e7\u00f5es de pagar suas d\u00edvidas, no entanto, eram menores, em fevereiro de 2016: 8,6%.<\/p>\n<p>A maior parte das d\u00edvidas das fam\u00edlias em fevereiro de 2017 era com cart\u00e3o de cr\u00e9dito, 76,8%, seguido por carn\u00eas (14,5%), cr\u00e9dito pessoal (9,9%) e financiamento de carro (9,9%). O tempo m\u00e9dio de comprometimento com as d\u00edvidas chega a sete meses.<\/p>\n<p>Vitor Abdala &#8211; Rep\u00f3rter da Ag\u00eancia Brasil<br \/>\nEdi\u00e7\u00e3o: Juliana Andrade<br \/>\n08\/03\/2017<\/p>\n","protected":false},"excerpt":{"rendered":"<p>O percentual de fam\u00edlias endividadas e inadimplentes cresceu na passagem de janeiro para fevereiro deste ano, segundo Pesquisa Nacional de Endividamento e Inadimpl\u00eancia do Consumidor, da Confedera\u00e7\u00e3o Nacional do Com\u00e9rcio de Bens, Servi\u00e7os e Turismo (CNC). A propor\u00e7\u00e3o de fam\u00edlias com d\u00edvidas passou de 55,6% em janeiro para 56,2% em fevereiro. J\u00e1 o \u00edndice de [&hellip;]<\/p>\n","protected":false},"author":2,"featured_media":57584,"comment_status":"open","ping_status":"closed","sticky":false,"template":"","format":"standard","meta":{"_genesis_hide_title":false,"_genesis_hide_breadcrumbs":false,"_genesis_hide_singular_image":false,"_genesis_hide_footer_widgets":false,"_genesis_custom_body_class":"","_genesis_custom_post_class":"","_genesis_layout":"","_jetpack_memberships_contains_paid_content":false,"footnotes":""},"categories":[22,7],"tags":[],"class_list":{"0":"post-108432","1":"post","2":"type-post","3":"status-publish","4":"format-standard","5":"has-post-thumbnail","7":"category-brasil","8":"category-economia","9":"entry","10":"gs-1","11":"gs-odd","12":"gs-even","13":"gs-featured-content-entry"},"jetpack_featured_media_url":"https:\/\/www.redenoticia.com.br\/noticia\/imagens\/economia-grafica-analise-inflacao.jpg","jetpack_sharing_enabled":true,"jetpack_likes_enabled":true,"_links":{"self":[{"href":"https:\/\/www.redenoticia.com.br\/noticia\/wp-json\/wp\/v2\/posts\/108432","targetHints":{"allow":["GET"]}}],"collection":[{"href":"https:\/\/www.redenoticia.com.br\/noticia\/wp-json\/wp\/v2\/posts"}],"about":[{"href":"https:\/\/www.redenoticia.com.br\/noticia\/wp-json\/wp\/v2\/types\/post"}],"author":[{"embeddable":true,"href":"https:\/\/www.redenoticia.com.br\/noticia\/wp-json\/wp\/v2\/users\/2"}],"replies":[{"embeddable":true,"href":"https:\/\/www.redenoticia.com.br\/noticia\/wp-json\/wp\/v2\/comments?post=108432"}],"version-history":[{"count":0,"href":"https:\/\/www.redenoticia.com.br\/noticia\/wp-json\/wp\/v2\/posts\/108432\/revisions"}],"wp:featuredmedia":[{"embeddable":true,"href":"https:\/\/www.redenoticia.com.br\/noticia\/wp-json\/wp\/v2\/media\/57584"}],"wp:attachment":[{"href":"https:\/\/www.redenoticia.com.br\/noticia\/wp-json\/wp\/v2\/media?parent=108432"}],"wp:term":[{"taxonomy":"category","embeddable":true,"href":"https:\/\/www.redenoticia.com.br\/noticia\/wp-json\/wp\/v2\/categories?post=108432"},{"taxonomy":"post_tag","embeddable":true,"href":"https:\/\/www.redenoticia.com.br\/noticia\/wp-json\/wp\/v2\/tags?post=108432"}],"curies":[{"name":"wp","href":"https:\/\/api.w.org\/{rel}","templated":true}]}}