{"id":108430,"date":"2017-03-08T00:20:36","date_gmt":"2017-03-08T03:20:36","guid":{"rendered":"http:\/\/www.redenoticia.com.br\/noticia\/?p=108430"},"modified":"2017-03-07T15:21:55","modified_gmt":"2017-03-07T18:21:55","slug":"despesa-de-consumo-das-familias-cai-42-em-2016","status":"publish","type":"post","link":"https:\/\/www.redenoticia.com.br\/noticia\/2017\/despesa-de-consumo-das-familias-cai-42-em-2016\/108430","title":{"rendered":"Despesa de consumo das fam\u00edlias cai 4,2% em 2016"},"content":{"rendered":"<p> N\u00famero importante na soma do Produto Interno Bruto (PIB) no Brasil, a <strong><em>despesa de consumo das fam\u00edlias<\/em><\/strong> caiu 4,2% em 2016, anunciou, no Rio de Janeiro, o Instituto Brasileiro de Geografia e Estat\u00edstica. O indicador \u00e9 afetado pela piora no mercado de trabalho, segundo a coordenadora de contas nacionais do instituto, Rebeca Palis.<\/p>\n<p>O consumo das fam\u00edlias j\u00e1 havia ca\u00eddo 3,9% em 2015 e teve o pior trimestre de 2016 nos tr\u00eas primeiros meses do ano, quando a retra\u00e7\u00e3o chegou a 5,8% na rela\u00e7\u00e3o com o mesmo trimestre do ano anterior. O recuo diminuiu de intensidade para 4,8% no segundo trimestre, e continuou caindo para 3,4% no terceiro e 2,9% no quarto trimestre.<\/p>\n<p>Al\u00e9m da deteriora\u00e7\u00e3o dos indicadores do emprego e da renda, a coordenadora do IBGE destaca outros fatores que influenciaram o desempenho. &#8220;As opera\u00e7\u00f5es de cr\u00e9dito continuam recuando em termos reais, e a gente ainda teve em 2016 os juros acima do patamar de 2015. O que n\u00e3o foi t\u00e3o ruim foi a infla\u00e7\u00e3o, que teve um patamar inferior em 2016&#8221;, disse ela.<\/p>\n<p>Quedas em s\u00e9rie<\/p>\n<p>A queda do PIB per capita brasileiro j\u00e1 soma tr\u00eas anos consecutivos e chegou a 9,1% com a contribui\u00e7\u00e3o de 2016, ano em que a taxa caiu mais 4,4%. Como a popula\u00e7\u00e3o brasileira cresce em m\u00e9dia 0,9% ao ano, qualquer resultado do PIB menor do que isso significa menos riquezas por pessoa no pa\u00eds.<\/p>\n<p>&#8220;Esse dado significa que a popula\u00e7\u00e3o empobreceu nesses tr\u00eas anos&#8221;, disse Rebeca &#8220;O bolo encolheu, e a quantidade de pessoas para comer o bolo aumentou&#8221;, afirmou. <\/p>\n<p>As despesas de consumo do governo tamb\u00e9m ca\u00edram em 2016: 0,6%. A arrecada\u00e7\u00e3o de impostos sobre produtos teve uma queda de 6,4% em rela\u00e7\u00e3o a 2015. O Imposto sobre Circula\u00e7\u00e3o de Mercadorias e Servi\u00e7os, um dos principais componentes desse montante, arrecadou 5,5% menos. O Imposto sobre Produtos Industrializados (IPI) recolheu 11,2% menos e o Imposto de Importa\u00e7\u00e3o tamb\u00e9m rendeu menos: queda de 16,2%.<\/p>\n<p>Investimentos na produ\u00e7\u00e3o<\/p>\n<p>A forma\u00e7\u00e3o bruta de capital fixo (FBCF) das empresas, indicador que mostra os investimentos na produ\u00e7\u00e3o, caiu 10,2%, total menor que os 13,9% negativos de 2015. <\/p>\n<p>O principal componente da FBCF \u00e9 a constru\u00e7\u00e3o, com peso de quase 50%. A queda de 8,7% registrada foi menor que os 16% de retra\u00e7\u00e3o no investimento em m\u00e1quinas e equipamentos, que havia sido ainda maior em 2015, quando houve 26,4% de queda na compra de maquin\u00e1rio.<\/p>\n<p>O com\u00e9rcio exterior teve uma influ\u00eancia positiva no c\u00e1lculo do PIB, j\u00e1 que as importa\u00e7\u00f5es ca\u00edram 10,3%, e as exporta\u00e7\u00f5es subiram 1,9%. A venda de produtos e servi\u00e7os para o exterior foi impulsionada por uma desvaloriza\u00e7\u00e3o m\u00e9dia de 4,8% no c\u00e2mbio, que tornou os produtos brasileiros mais competitivos em 2016.<\/p>\n<p>O IBGE calculou que, sem o setor externo, a economia brasileira teria registrado queda de 5,3% em 2016. J\u00e1 em 2015, a balan\u00e7a comercial havia contribu\u00eddo para reduzir a intensidade da recess\u00e3o, que seria de 6,4% naquele ano se houvesse apenas a demanda interna.<\/p>\n<p>Vinicius Lisboa &#8211; Rep\u00f3rter da Ag\u00eancia Brasil<br \/>\nEdi\u00e7\u00e3o: Kleber Sampaio<br \/>\n08\/03\/2017<\/p>\n","protected":false},"excerpt":{"rendered":"<p>N\u00famero importante na soma do Produto Interno Bruto (PIB) no Brasil, a despesa de consumo das fam\u00edlias caiu 4,2% em 2016, anunciou, no Rio de Janeiro, o Instituto Brasileiro de Geografia e Estat\u00edstica. O indicador \u00e9 afetado pela piora no mercado de trabalho, segundo a coordenadora de contas nacionais do instituto, Rebeca Palis. O consumo [&hellip;]<\/p>\n","protected":false},"author":2,"featured_media":57585,"comment_status":"open","ping_status":"closed","sticky":false,"template":"","format":"standard","meta":{"_genesis_hide_title":false,"_genesis_hide_breadcrumbs":false,"_genesis_hide_singular_image":false,"_genesis_hide_footer_widgets":false,"_genesis_custom_body_class":"","_genesis_custom_post_class":"","_genesis_layout":"","_jetpack_memberships_contains_paid_content":false,"footnotes":""},"categories":[22,7],"tags":[],"class_list":{"0":"post-108430","1":"post","2":"type-post","3":"status-publish","4":"format-standard","5":"has-post-thumbnail","7":"category-brasil","8":"category-economia","9":"entry","10":"gs-1","11":"gs-odd","12":"gs-even","13":"gs-featured-content-entry"},"jetpack_featured_media_url":"https:\/\/www.redenoticia.com.br\/noticia\/imagens\/analise-economia.jpg","jetpack_sharing_enabled":true,"jetpack_likes_enabled":true,"_links":{"self":[{"href":"https:\/\/www.redenoticia.com.br\/noticia\/wp-json\/wp\/v2\/posts\/108430","targetHints":{"allow":["GET"]}}],"collection":[{"href":"https:\/\/www.redenoticia.com.br\/noticia\/wp-json\/wp\/v2\/posts"}],"about":[{"href":"https:\/\/www.redenoticia.com.br\/noticia\/wp-json\/wp\/v2\/types\/post"}],"author":[{"embeddable":true,"href":"https:\/\/www.redenoticia.com.br\/noticia\/wp-json\/wp\/v2\/users\/2"}],"replies":[{"embeddable":true,"href":"https:\/\/www.redenoticia.com.br\/noticia\/wp-json\/wp\/v2\/comments?post=108430"}],"version-history":[{"count":0,"href":"https:\/\/www.redenoticia.com.br\/noticia\/wp-json\/wp\/v2\/posts\/108430\/revisions"}],"wp:featuredmedia":[{"embeddable":true,"href":"https:\/\/www.redenoticia.com.br\/noticia\/wp-json\/wp\/v2\/media\/57585"}],"wp:attachment":[{"href":"https:\/\/www.redenoticia.com.br\/noticia\/wp-json\/wp\/v2\/media?parent=108430"}],"wp:term":[{"taxonomy":"category","embeddable":true,"href":"https:\/\/www.redenoticia.com.br\/noticia\/wp-json\/wp\/v2\/categories?post=108430"},{"taxonomy":"post_tag","embeddable":true,"href":"https:\/\/www.redenoticia.com.br\/noticia\/wp-json\/wp\/v2\/tags?post=108430"}],"curies":[{"name":"wp","href":"https:\/\/api.w.org\/{rel}","templated":true}]}}