{"id":108428,"date":"2017-03-08T00:18:33","date_gmt":"2017-03-08T03:18:33","guid":{"rendered":"http:\/\/www.redenoticia.com.br\/noticia\/?p=108428"},"modified":"2017-03-07T15:20:25","modified_gmt":"2017-03-07T18:20:25","slug":"inventario-on-line-reune-a-base-genetica-dos-rebanhos-comerciais-brasileiros","status":"publish","type":"post","link":"https:\/\/www.redenoticia.com.br\/noticia\/2017\/inventario-on-line-reune-a-base-genetica-dos-rebanhos-comerciais-brasileiros\/108428","title":{"rendered":"Invent\u00e1rio on-line re\u00fane a base gen\u00e9tica dos rebanhos comerciais brasileiros"},"content":{"rendered":"<p> Ag\u00eancia FAPESP \u2013 Est\u00e1 dispon\u00edvel para download o <em><strong><\/strong><\/em>, elaborado pela Empresa Brasileira de Pesquisa Agropecu\u00e1ria (Embrapa). O documento \u00e9 um amplo acervo de informa\u00e7\u00f5es gen\u00e9ticas e comportamentais de bovinos, caprinos, su\u00ednos, equinos e ovinos que se desenvolveram a partir de ra\u00e7as trazidas para o pa\u00eds logo ap\u00f3s a chegada dos primeiros colonizadores europeus. Essas ra\u00e7as, com caracter\u00edsticas de rusticidade e adaptabilidade desenvolvidas ao longo desses cinco s\u00e9culos, contribu\u00edram para a forma\u00e7\u00e3o do rebanho comercial brasileiro e hoje correm risco de extin\u00e7\u00e3o e descaracteriza\u00e7\u00e3o.<\/p>\n<p>Nas 108 p\u00e1ginas do invent\u00e1rio, os leitores encontrar\u00e3o um breve perfil hist\u00f3rico de 29 esp\u00e9cies, entre elas o cavalo pantaneiro, origin\u00e1rio dos cavalos ib\u00e9ricos trazidos ao Brasil na \u00e9poca da coloniza\u00e7\u00e3o; a ovelha crioula, introduzida no Rio Grande do Sul pelos jesu\u00edtas durante o s\u00e9culo XVII; e o b\u00fafalo baio, que chegou ao pa\u00eds em 1962.<\/p>\n<p>Para evitar a perda desse rico material gen\u00e9tico, a Embrapa mant\u00e9m tr\u00eas estrat\u00e9gias de preserva\u00e7\u00e3o: in situ, ex situ in vitro e ex situ in vivo.<\/p>\n<p>No primeiro modelo, in situ, as ra\u00e7as s\u00e3o preservadas em seu local de origem. Para isso, a Embrapa mant\u00e9m n\u00facleos de conserva\u00e7\u00e3o espalhados por todo o territ\u00f3rio nacional, garantindo assim a preserva\u00e7\u00e3o do animal em ambientes nos quais j\u00e1 est\u00e3o adaptados.<\/p>\n<p>Dos animais mantidos nesses n\u00facleos, \u00e9 extra\u00eddo o material (s\u00eamen, embri\u00f5es, amostras de DNA e tecidos) que garante a preserva\u00e7\u00e3o ex situ in vitro. Todo esse recurso \u00e9 armazenado em dois bancos, o Banco Brasileiro de Germoplasma Animal, que mant\u00e9m 95.927 doses de s\u00eamen e 451 embri\u00f5es, e o Banco de DNA e Tecidos Animais da Embrapa Recursos Gen\u00e9ticos e Biotecnologia, onde est\u00e3o guardadas 11.850 amostras de DNA e tecidos de 87 ra\u00e7as.<\/p>\n<p>Para a conserva\u00e7\u00e3o ex situ in vivo, a Embrapa mant\u00e9m no Campo Experimental Fazenda Sucupira, no Distrito Federal, 175 exemplares de animais das principais ra\u00e7as conservadas nos diversos n\u00facleos. Al\u00e9m de servirem de fonte de material gen\u00e9tico, esses animais s\u00e3o utilizados em programas de conscientiza\u00e7\u00e3o da sociedade sobre a import\u00e2ncia de preserva\u00e7\u00e3o desses recursos. Por manter exemplares de ra\u00e7as raras, o local foi apelidado pela popula\u00e7\u00e3o local de Arca de No\u00e9.<\/p>\n<p>\u201cTrata-se de um universo de diversidade gen\u00e9tica desconhecido de muitos, mas que representa a base da forma\u00e7\u00e3o dos rebanhos comerciais brasileiros\u201d, disse Maria do Socorro Mau\u00e9s, uma das editoras da obra e pesquisadora da Embrapa Recursos Gen\u00e9ticos e Biotecnologia \u00e0 Ag\u00eancia Embrapa de Not\u00edcias.<\/p>\n<p>O invent\u00e1rio, que tamb\u00e9m traz informa\u00e7\u00f5es sobre algumas esp\u00e9cies de abelhas e peixes, \u00e9 resultado do trabalho de conserva\u00e7\u00e3o de recursos gen\u00e9ticos animais mantidos pela Embrapa desde a d\u00e9cada de 1980. Ele foi elaborado a partir de relatos dos curadores dos n\u00facleos de conserva\u00e7\u00e3o que a empresa mant\u00e9m no pa\u00eds.<\/p>\n<p>Mais informa\u00e7\u00f5es est\u00e3o dispon\u00edveis em .<\/p>\n","protected":false},"excerpt":{"rendered":"<p>Ag\u00eancia FAPESP \u2013 Est\u00e1 dispon\u00edvel para download o , elaborado pela Empresa Brasileira de Pesquisa Agropecu\u00e1ria (Embrapa). O documento \u00e9 um amplo acervo de informa\u00e7\u00f5es gen\u00e9ticas e comportamentais de bovinos, caprinos, su\u00ednos, equinos e ovinos que se desenvolveram a partir de ra\u00e7as trazidas para o pa\u00eds logo ap\u00f3s a chegada dos primeiros colonizadores europeus. Essas [&hellip;]<\/p>\n","protected":false},"author":2,"featured_media":57576,"comment_status":"open","ping_status":"closed","sticky":false,"template":"","format":"standard","meta":{"_genesis_hide_title":false,"_genesis_hide_breadcrumbs":false,"_genesis_hide_singular_image":false,"_genesis_hide_footer_widgets":false,"_genesis_custom_body_class":"","_genesis_custom_post_class":"","_genesis_layout":"","_jetpack_memberships_contains_paid_content":false,"footnotes":""},"categories":[22,7],"tags":[],"class_list":{"0":"post-108428","1":"post","2":"type-post","3":"status-publish","4":"format-standard","5":"has-post-thumbnail","7":"category-brasil","8":"category-economia","9":"entry","10":"gs-1","11":"gs-odd","12":"gs-even","13":"gs-featured-content-entry"},"jetpack_featured_media_url":"https:\/\/www.redenoticia.com.br\/noticia\/imagens\/tecnologia1.jpg","jetpack_sharing_enabled":true,"jetpack_likes_enabled":true,"_links":{"self":[{"href":"https:\/\/www.redenoticia.com.br\/noticia\/wp-json\/wp\/v2\/posts\/108428","targetHints":{"allow":["GET"]}}],"collection":[{"href":"https:\/\/www.redenoticia.com.br\/noticia\/wp-json\/wp\/v2\/posts"}],"about":[{"href":"https:\/\/www.redenoticia.com.br\/noticia\/wp-json\/wp\/v2\/types\/post"}],"author":[{"embeddable":true,"href":"https:\/\/www.redenoticia.com.br\/noticia\/wp-json\/wp\/v2\/users\/2"}],"replies":[{"embeddable":true,"href":"https:\/\/www.redenoticia.com.br\/noticia\/wp-json\/wp\/v2\/comments?post=108428"}],"version-history":[{"count":0,"href":"https:\/\/www.redenoticia.com.br\/noticia\/wp-json\/wp\/v2\/posts\/108428\/revisions"}],"wp:featuredmedia":[{"embeddable":true,"href":"https:\/\/www.redenoticia.com.br\/noticia\/wp-json\/wp\/v2\/media\/57576"}],"wp:attachment":[{"href":"https:\/\/www.redenoticia.com.br\/noticia\/wp-json\/wp\/v2\/media?parent=108428"}],"wp:term":[{"taxonomy":"category","embeddable":true,"href":"https:\/\/www.redenoticia.com.br\/noticia\/wp-json\/wp\/v2\/categories?post=108428"},{"taxonomy":"post_tag","embeddable":true,"href":"https:\/\/www.redenoticia.com.br\/noticia\/wp-json\/wp\/v2\/tags?post=108428"}],"curies":[{"name":"wp","href":"https:\/\/api.w.org\/{rel}","templated":true}]}}