{"id":108426,"date":"2017-03-08T00:17:01","date_gmt":"2017-03-08T03:17:01","guid":{"rendered":"http:\/\/www.redenoticia.com.br\/noticia\/?p=108426"},"modified":"2017-03-07T15:18:22","modified_gmt":"2017-03-07T18:18:22","slug":"sabe-montar-um-curriculo-primeira-impressao-e-a-que-fica","status":"publish","type":"post","link":"https:\/\/www.redenoticia.com.br\/noticia\/2017\/sabe-montar-um-curriculo-primeira-impressao-e-a-que-fica\/108426","title":{"rendered":"Sabe montar um curr\u00edculo? Primeira impress\u00e3o \u00e9 a que fica"},"content":{"rendered":"<p> A frase que completa o t\u00edtulo desta mat\u00e9ria \u00e9 uma verdade que serve para muitas situa\u00e7\u00f5es, inclusive, e principalmente, para quem est\u00e1 buscando emprego. Ao avaliar um candidato, o primeiro contato do empregador \u00e9 por meio do <em><strong>curr\u00edculo<\/strong><\/em>, e isso pode ser decisivo entre a continuidade e o fim de uma poss\u00edvel entrevista.<\/p>\n<p>Para ajudar nesta tarefa, a Secretaria Estadual do Emprego e Rela\u00e7\u00f5es do Trabalho (SERT) preparou algumas dicas com base no material informativo do Time do Emprego, programa vinculado \u00e0 pasta que desde 2001 j\u00e1 beneficiou 63 mil pessoas e inseriu quase 23 mil cidad\u00e3os no mercado de trabalho.<\/p>\n<p>Primeiro, \u00e9 preciso ter em mente que o curr\u00edculo re\u00fane informa\u00e7\u00f5es fundamentais sobre o seu perfil profissional. Ele deve ser adaptado \u00e0 vaga que se pretende ocupar, tem de passar por atualiza\u00e7\u00f5es constantes, destacar suas realiza\u00e7\u00f5es e pontos fortes.<\/p>\n<p>As letras ideais para a confec\u00e7\u00e3o s\u00e3o Arial ou Verdana tamanho 12, para os dados pessoais, e 11 para o restante, tudo em preto. O curr\u00edculo tem de caber em, no m\u00e1ximo, duas folhas sulfite.<\/p>\n<p>Seja claro e objetivo e n\u00e3o se esque\u00e7a de usar o revisor do Word para n\u00e3o deixar passar erros de Portugu\u00eas. Fotos s\u00f3 devem ser colocadas se solicitadas pelo empregador.<\/p>\n<p>O documento pode ter diferentes configura\u00e7\u00f5es, mas algumas informa\u00e7\u00f5es s\u00e3o essenciais:<\/p>\n<p>Dados pessoais:<br \/>\nNome, endere\u00e7o, telefone fixo, celular, e-mail, idade, estado civil e nacionalidade.<\/p>\n<p>Objetivo:<br \/>\nInforme para qual vaga est\u00e1 se candidatando, elabore o curr\u00edculo de acordo com o seu objetivo.<\/p>\n<p>Experi\u00eancia Profissional:<br \/>\nResuma suas qualifica\u00e7\u00f5es em ordem da mais recente para a mais antiga. Preencha com o nome da empresa, data de in\u00edcio e sa\u00edda, fun\u00e7\u00e3o ou cargo. N\u00e3o coloque os motivos de sa\u00edda do emprego anterior.<\/p>\n<p>Forma\u00e7\u00e3o Escolar ou Acad\u00eamica:<br \/>\nInforme sua escolaridade, incluindo cursos t\u00e9cnicos, de especializa\u00e7\u00e3o, gradua\u00e7\u00e3o e p\u00f3s-gradua\u00e7\u00e3o. Informe o nome da institui\u00e7\u00e3o e data de conclus\u00e3o.<\/p>\n<p>Outros cursos:<br \/>\nInforme os cursos de qualifica\u00e7\u00e3o profissional, nome da institui\u00e7\u00e3o, nome do curso e carga hor\u00e1ria. Para cursos de l\u00ednguas \u00e9 importante indicar o grau de flu\u00eancia (b\u00e1sico, intermedi\u00e1rio, avan\u00e7ado ou fluente). No caso da Inform\u00e1tica, o dom\u00ednio sobre cada um dos programas e ferramentas (usu\u00e1rio, intermedi\u00e1rio ou avan\u00e7ado).<\/p>\n<p>Outras informa\u00e7\u00f5es:<br \/>\nInforme atividades que voc\u00ea realiza fora do hor\u00e1rio de trabalho, que contribuem para a vaga que est\u00e1 concorrendo, como passatempos, trabalhos volunt\u00e1rios, a\u00e7\u00f5es sociais, entre outras.<\/p>\n<p>Para obter mais informa\u00e7\u00f5es e acompanhar a abertura de novas vagas para o Time do Emprego, acesse o site .<\/p>\n<p>Do Portal do Governo SP<\/p>\n","protected":false},"excerpt":{"rendered":"<p>A frase que completa o t\u00edtulo desta mat\u00e9ria \u00e9 uma verdade que serve para muitas situa\u00e7\u00f5es, inclusive, e principalmente, para quem est\u00e1 buscando emprego. Ao avaliar um candidato, o primeiro contato do empregador \u00e9 por meio do curr\u00edculo, e isso pode ser decisivo entre a continuidade e o fim de uma poss\u00edvel entrevista. Para ajudar [&hellip;]<\/p>\n","protected":false},"author":2,"featured_media":37419,"comment_status":"open","ping_status":"closed","sticky":false,"template":"","format":"standard","meta":{"_genesis_hide_title":false,"_genesis_hide_breadcrumbs":false,"_genesis_hide_singular_image":false,"_genesis_hide_footer_widgets":false,"_genesis_custom_body_class":"","_genesis_custom_post_class":"","_genesis_layout":"","_jetpack_memberships_contains_paid_content":false,"footnotes":""},"categories":[22],"tags":[],"class_list":{"0":"post-108426","1":"post","2":"type-post","3":"status-publish","4":"format-standard","5":"has-post-thumbnail","7":"category-brasil","8":"entry","9":"gs-1","10":"gs-odd","11":"gs-even","12":"gs-featured-content-entry"},"jetpack_featured_media_url":"https:\/\/www.redenoticia.com.br\/noticia\/imagens\/computador-tecnologia.jpg","jetpack_sharing_enabled":true,"jetpack_likes_enabled":true,"_links":{"self":[{"href":"https:\/\/www.redenoticia.com.br\/noticia\/wp-json\/wp\/v2\/posts\/108426","targetHints":{"allow":["GET"]}}],"collection":[{"href":"https:\/\/www.redenoticia.com.br\/noticia\/wp-json\/wp\/v2\/posts"}],"about":[{"href":"https:\/\/www.redenoticia.com.br\/noticia\/wp-json\/wp\/v2\/types\/post"}],"author":[{"embeddable":true,"href":"https:\/\/www.redenoticia.com.br\/noticia\/wp-json\/wp\/v2\/users\/2"}],"replies":[{"embeddable":true,"href":"https:\/\/www.redenoticia.com.br\/noticia\/wp-json\/wp\/v2\/comments?post=108426"}],"version-history":[{"count":0,"href":"https:\/\/www.redenoticia.com.br\/noticia\/wp-json\/wp\/v2\/posts\/108426\/revisions"}],"wp:featuredmedia":[{"embeddable":true,"href":"https:\/\/www.redenoticia.com.br\/noticia\/wp-json\/wp\/v2\/media\/37419"}],"wp:attachment":[{"href":"https:\/\/www.redenoticia.com.br\/noticia\/wp-json\/wp\/v2\/media?parent=108426"}],"wp:term":[{"taxonomy":"category","embeddable":true,"href":"https:\/\/www.redenoticia.com.br\/noticia\/wp-json\/wp\/v2\/categories?post=108426"},{"taxonomy":"post_tag","embeddable":true,"href":"https:\/\/www.redenoticia.com.br\/noticia\/wp-json\/wp\/v2\/tags?post=108426"}],"curies":[{"name":"wp","href":"https:\/\/api.w.org\/{rel}","templated":true}]}}