{"id":108340,"date":"2017-03-07T00:40:27","date_gmt":"2017-03-07T03:40:27","guid":{"rendered":"http:\/\/www.redenoticia.com.br\/noticia\/?p=108340"},"modified":"2017-03-06T14:41:15","modified_gmt":"2017-03-06T17:41:15","slug":"sem-corte-de-gastos-deficit-publico-pode-ser-de-r-182-bi-estima-senado","status":"publish","type":"post","link":"https:\/\/www.redenoticia.com.br\/noticia\/2017\/sem-corte-de-gastos-deficit-publico-pode-ser-de-r-182-bi-estima-senado\/108340","title":{"rendered":"Sem corte de gastos, d\u00e9ficit p\u00fablico pode ser de R$ 182 bi, estima Senado"},"content":{"rendered":"<p> Relat\u00f3rio apresentado pela Institui\u00e7\u00e3o Fiscal Independente (IFI), \u00f3rg\u00e3o do Senado que acompanha o desempenho fiscal e or\u00e7ament\u00e1rio do pa\u00eds, estima que o setor p\u00fablico consolidado registrar\u00e1 um <strong><em>d\u00e9ficit prim\u00e1rio<\/em><\/strong> de R$ 182 bilh\u00f5es em 2017 caso n\u00e3o fa\u00e7a um corte de gastos de pelo menos R$ 38,9 bilh\u00f5es no or\u00e7amento.<\/p>\n<p>A meta de d\u00e9ficit prevista pelo governo para 2017 \u00e9 de R$ 143,1 bilh\u00f5es. O setor p\u00fablico consolidado \u00e9 formado pela Uni\u00e3o, estados, munic\u00edpios e empresas estatais.<\/p>\n<p>No fim de mar\u00e7o o governo deve anunciar o contingenciamento (bloqueio de verbas) de despesas n\u00e3o obrigat\u00f3rias. \u201cSe o contingenciamento for perto de R$ 40 bilh\u00f5es, isso levaria o 2017 a uma moderada contra\u00e7\u00e3o fiscal\u201d, disse o diretor-executivo da IFI, Felipe Salto.<\/p>\n<p> O 2\u00b0 Relat\u00f3rio de Acompanhamento Fiscal do \u00f3rg\u00e3o tamb\u00e9m aborda a Previd\u00eancia Social e estima que, sob as regras atuais, o or\u00e7amento p\u00fablico teria de destinar 70% dos recursos para financiar a Previd\u00eancia a partir de 2030. De acordo com o texto, a velocidade do comprometimento do or\u00e7amento \u00e9 resultado do envelhecimento populacional.<\/p>\n<p>Felipe Salto avalia que \u00e9 preciso haver mudan\u00e7as importantes para garantir a sustentabilidade da Previd\u00eancia e citou a reforma proposta pelo governo e que tramita no Congresso. \u201cO essencial \u00e9 que a idade m\u00ednima de 65 anos seja fixada. Se esse ponto for flexibilizado, dificilmente os resultados positivos do ponto de vista fiscal v\u00e3o ser verificados\u201d, disse.<\/p>\n<p>Recupera\u00e7\u00e3o dos estados<\/p>\n<p>Em rela\u00e7\u00e3o \u00e0s d\u00edvidas dos estados, Felipe Salto falou que o projeto de lei complementar  que trata da recupera\u00e7\u00e3o fiscal dos estados e do Distrito Federal, pode proporcionar um al\u00edvio importante aos mesmos, desde que o Congresso Nacional mantenha as contrapartidas propostas pelo governo. O Relat\u00f3rio de Acompanhamento Fiscal destaca a iniciativa que trata do controle do crescimento dos gastos correntes pela regra da infla\u00e7\u00e3o.<\/p>\n<p>\u201cEsse projeto de lei \u00e9 importante e contribui para o reequil\u00edbrio das contas. Agora, \u00e9 preciso que o Congresso mantenha as contrapartidas. Se essas n\u00e3o forem mantidas na linha do que o governo federal prop\u00f4s, dificilmente esse projeto vai ajudar, vai ser mais uma rodada de perd\u00e3o\u201d, disse.<\/p>\n<p>Yara Aquino<br \/>\nEdi\u00e7\u00e3o: Augusto Queiroz<br \/>\n07\/03\/2017<\/p>\n","protected":false},"excerpt":{"rendered":"<p>Relat\u00f3rio apresentado pela Institui\u00e7\u00e3o Fiscal Independente (IFI), \u00f3rg\u00e3o do Senado que acompanha o desempenho fiscal e or\u00e7ament\u00e1rio do pa\u00eds, estima que o setor p\u00fablico consolidado registrar\u00e1 um d\u00e9ficit prim\u00e1rio de R$ 182 bilh\u00f5es em 2017 caso n\u00e3o fa\u00e7a um corte de gastos de pelo menos R$ 38,9 bilh\u00f5es no or\u00e7amento. A meta de d\u00e9ficit prevista [&hellip;]<\/p>\n","protected":false},"author":2,"featured_media":57583,"comment_status":"open","ping_status":"closed","sticky":false,"template":"","format":"standard","meta":{"_genesis_hide_title":false,"_genesis_hide_breadcrumbs":false,"_genesis_hide_singular_image":false,"_genesis_hide_footer_widgets":false,"_genesis_custom_body_class":"","_genesis_custom_post_class":"","_genesis_layout":"","_jetpack_memberships_contains_paid_content":false,"footnotes":""},"categories":[22,7],"tags":[],"class_list":{"0":"post-108340","1":"post","2":"type-post","3":"status-publish","4":"format-standard","5":"has-post-thumbnail","7":"category-brasil","8":"category-economia","9":"entry","10":"gs-1","11":"gs-odd","12":"gs-even","13":"gs-featured-content-entry"},"jetpack_featured_media_url":"https:\/\/www.redenoticia.com.br\/noticia\/imagens\/economia-grafico.jpg","jetpack_sharing_enabled":true,"jetpack_likes_enabled":true,"_links":{"self":[{"href":"https:\/\/www.redenoticia.com.br\/noticia\/wp-json\/wp\/v2\/posts\/108340","targetHints":{"allow":["GET"]}}],"collection":[{"href":"https:\/\/www.redenoticia.com.br\/noticia\/wp-json\/wp\/v2\/posts"}],"about":[{"href":"https:\/\/www.redenoticia.com.br\/noticia\/wp-json\/wp\/v2\/types\/post"}],"author":[{"embeddable":true,"href":"https:\/\/www.redenoticia.com.br\/noticia\/wp-json\/wp\/v2\/users\/2"}],"replies":[{"embeddable":true,"href":"https:\/\/www.redenoticia.com.br\/noticia\/wp-json\/wp\/v2\/comments?post=108340"}],"version-history":[{"count":0,"href":"https:\/\/www.redenoticia.com.br\/noticia\/wp-json\/wp\/v2\/posts\/108340\/revisions"}],"wp:featuredmedia":[{"embeddable":true,"href":"https:\/\/www.redenoticia.com.br\/noticia\/wp-json\/wp\/v2\/media\/57583"}],"wp:attachment":[{"href":"https:\/\/www.redenoticia.com.br\/noticia\/wp-json\/wp\/v2\/media?parent=108340"}],"wp:term":[{"taxonomy":"category","embeddable":true,"href":"https:\/\/www.redenoticia.com.br\/noticia\/wp-json\/wp\/v2\/categories?post=108340"},{"taxonomy":"post_tag","embeddable":true,"href":"https:\/\/www.redenoticia.com.br\/noticia\/wp-json\/wp\/v2\/tags?post=108340"}],"curies":[{"name":"wp","href":"https:\/\/api.w.org\/{rel}","templated":true}]}}