{"id":108302,"date":"2017-03-06T00:29:38","date_gmt":"2017-03-06T03:29:38","guid":{"rendered":"http:\/\/www.redenoticia.com.br\/noticia\/?p=108302"},"modified":"2017-03-05T18:52:26","modified_gmt":"2017-03-05T21:52:26","slug":"inflacao-medida-pela-fipe-recua-em-fevereiro","status":"publish","type":"post","link":"https:\/\/www.redenoticia.com.br\/noticia\/2017\/inflacao-medida-pela-fipe-recua-em-fevereiro\/108302","title":{"rendered":"Infla\u00e7\u00e3o medida pela Fipe recua em fevereiro"},"content":{"rendered":"<p> O <strong><em>\u00cdndice de Pre\u00e7os ao Consumidor<\/em><\/strong> (IPC), medido pela Funda\u00e7\u00e3o Instituto de Pesquisas Econ\u00f4micas (Fipe), na cidade de S\u00e3o Paulo, encerrou fevereiro com queda de 0,08% depois de uma alta de 0,32% em janeiro \u00faltimo. No acumulado do ano, a taxa indicou eleva\u00e7\u00e3o de 0,24% e, nos \u00faltimos 12 meses de 4,43%.<\/p>\n<p>O grupo alimenta\u00e7\u00e3o contribuiu para abaixar a m\u00e9dia de pre\u00e7os ao fechar o m\u00eas com varia\u00e7\u00e3o negativa de 0,69% ante uma alta de 0,16%, em janeiro \u00faltimo. Mais tr\u00eas classes de despesas tiveram queda: transportes passou de 0,5% (em janeiro) para -0,17%; despesas pessoais com varia\u00e7\u00e3o de -0,13% ante 0,12%,  e vestu\u00e1rio que apesar de manter-se em baixa de 0,42%, mostra um movimento de recupera\u00e7\u00e3o de pre\u00e7os. Em janeiro houve redu\u00e7\u00e3o mais expressiva (-0,86%).<\/p>\n<p>Em habita\u00e7\u00e3o, o IPC atingiu alta de 0,36% ante 0,01%, janeiro. Na mesma base de compara\u00e7\u00e3o, o grupo sa\u00fade apresentou aumento m\u00e9dio de pre\u00e7os de 0,69% ante 0,7%, e o de educa\u00e7\u00e3o encerrou o m\u00eas em 0,13% ante 6,51%. Estes dois \u00faltimos foram os grupos que mais subiram os pre\u00e7os nos \u00faltimos 12 meses, sa\u00fade acumula alta de 11,78% e educa\u00e7\u00e3o, 8,43%.<\/p>\n<p>Marli Moreira &#8211; Rep\u00f3rter da Ag\u00eancia Brasil<br \/>\nEdi\u00e7\u00e3o: Val\u00e9ria Aguiar<br \/>\n06\/03\/2017<\/p>\n","protected":false},"excerpt":{"rendered":"<p>O \u00cdndice de Pre\u00e7os ao Consumidor (IPC), medido pela Funda\u00e7\u00e3o Instituto de Pesquisas Econ\u00f4micas (Fipe), na cidade de S\u00e3o Paulo, encerrou fevereiro com queda de 0,08% depois de uma alta de 0,32% em janeiro \u00faltimo. No acumulado do ano, a taxa indicou eleva\u00e7\u00e3o de 0,24% e, nos \u00faltimos 12 meses de 4,43%. O grupo alimenta\u00e7\u00e3o [&hellip;]<\/p>\n","protected":false},"author":2,"featured_media":57584,"comment_status":"open","ping_status":"closed","sticky":false,"template":"","format":"standard","meta":{"_genesis_hide_title":false,"_genesis_hide_breadcrumbs":false,"_genesis_hide_singular_image":false,"_genesis_hide_footer_widgets":false,"_genesis_custom_body_class":"","_genesis_custom_post_class":"","_genesis_layout":"","_jetpack_memberships_contains_paid_content":false,"footnotes":""},"categories":[22,7],"tags":[],"class_list":{"0":"post-108302","1":"post","2":"type-post","3":"status-publish","4":"format-standard","5":"has-post-thumbnail","7":"category-brasil","8":"category-economia","9":"entry","10":"gs-1","11":"gs-odd","12":"gs-even","13":"gs-featured-content-entry"},"jetpack_featured_media_url":"https:\/\/www.redenoticia.com.br\/noticia\/imagens\/economia-grafica-analise-inflacao.jpg","jetpack_sharing_enabled":true,"jetpack_likes_enabled":true,"_links":{"self":[{"href":"https:\/\/www.redenoticia.com.br\/noticia\/wp-json\/wp\/v2\/posts\/108302","targetHints":{"allow":["GET"]}}],"collection":[{"href":"https:\/\/www.redenoticia.com.br\/noticia\/wp-json\/wp\/v2\/posts"}],"about":[{"href":"https:\/\/www.redenoticia.com.br\/noticia\/wp-json\/wp\/v2\/types\/post"}],"author":[{"embeddable":true,"href":"https:\/\/www.redenoticia.com.br\/noticia\/wp-json\/wp\/v2\/users\/2"}],"replies":[{"embeddable":true,"href":"https:\/\/www.redenoticia.com.br\/noticia\/wp-json\/wp\/v2\/comments?post=108302"}],"version-history":[{"count":0,"href":"https:\/\/www.redenoticia.com.br\/noticia\/wp-json\/wp\/v2\/posts\/108302\/revisions"}],"wp:featuredmedia":[{"embeddable":true,"href":"https:\/\/www.redenoticia.com.br\/noticia\/wp-json\/wp\/v2\/media\/57584"}],"wp:attachment":[{"href":"https:\/\/www.redenoticia.com.br\/noticia\/wp-json\/wp\/v2\/media?parent=108302"}],"wp:term":[{"taxonomy":"category","embeddable":true,"href":"https:\/\/www.redenoticia.com.br\/noticia\/wp-json\/wp\/v2\/categories?post=108302"},{"taxonomy":"post_tag","embeddable":true,"href":"https:\/\/www.redenoticia.com.br\/noticia\/wp-json\/wp\/v2\/tags?post=108302"}],"curies":[{"name":"wp","href":"https:\/\/api.w.org\/{rel}","templated":true}]}}