{"id":108134,"date":"2017-03-03T00:47:52","date_gmt":"2017-03-03T03:47:52","guid":{"rendered":"http:\/\/www.redenoticia.com.br\/noticia\/?p=108134"},"modified":"2017-03-02T21:48:38","modified_gmt":"2017-03-03T00:48:38","slug":"balanca-comercial-tem-melhor-resultado-para-fevereiro-desde-1989","status":"publish","type":"post","link":"https:\/\/www.redenoticia.com.br\/noticia\/2017\/balanca-comercial-tem-melhor-resultado-para-fevereiro-desde-1989\/108134","title":{"rendered":"Balan\u00e7a comercial tem melhor resultado para fevereiro desde 1989"},"content":{"rendered":"<p> A <strong><em>balan\u00e7a comercial<\/em><\/strong> brasileira teve super\u00e1vit de US$ 4,56 bilh\u00f5es em fevereiro. Trata-se do melhor resultado para meses de fevereiro desde o in\u00edcio da s\u00e9rie hist\u00f3rica do governo, em 1989. As exporta\u00e7\u00f5es ficaram em 15,472 US$ bilh\u00f5es, superando os US$ 10,192 bilh\u00f5es em importa\u00e7\u00f5es. Os dados foram divulgados pelo Minist\u00e9rio da Ind\u00fastria, Com\u00e9rcio Exterior e Servi\u00e7os.<\/p>\n<p>As exporta\u00e7\u00f5es cresceram 22,4% em rela\u00e7\u00e3o a fevereiro de 2016 segundo o crit\u00e9rio da m\u00e9dia di\u00e1ria, que leva em conta o valor negociado por dia \u00fatil. As importa\u00e7\u00f5es, por sua vez, cresceram 11,8%.<\/p>\n<p>Do lado das exporta\u00e7\u00f5es, os destaques foram as vendas de petr\u00f3leo bruto (alta de 326,6% na compara\u00e7\u00e3o com fevereiro de 2016), min\u00e9rio de ferro (alta de 126,2%), soja em gr\u00e3o (107%), carne su\u00edna (40%), \u00f3leos combust\u00edveis (480,7%), ve\u00edculos de carga (38,8%), ferro fundido (139%), \u00f3leo de soja bruto (109,9%) e semimanufaturados de ferro e a\u00e7o (92,6%).<\/p>\n<p>Nas importa\u00e7\u00f5es, cresceu a compra de combust\u00edveis e lubrificantes (34,9%) e bens intermedi\u00e1rios (16,3%) na compara\u00e7\u00e3o com fevereiro do ano passado. Por outro lado, caiu a aquisi\u00e7\u00e3o de bens de capital (9,8%) e consumo (4,4%).<\/p>\n<p>Saldo acumulado<\/p>\n<p>O saldo positivo de fevereiro ocorreu ap\u00f3s o super\u00e1vit de US$ 2,725 bilh\u00f5es no primeiro m\u00eas deste ano, segundo melhor resultado da hist\u00f3ria. Em janeiro e fevereiro, h\u00e1 super\u00e1vit acumulado de US$ 7,3 bilh\u00f5es, maior saldo no per\u00edodo desde 1989.<\/p>\n<p>Em 2016 a balan\u00e7a comercial tamb\u00e9m bateu alguns recordes mensais, encerrando o ano no azul em US$ 47,69 bilh\u00f5es, maior super\u00e1vit anual j\u00e1 registrado pelo Brasil desde o in\u00edcio da s\u00e9rie hist\u00f3rica do governo.<\/p>\n<p>A balan\u00e7a comercial tem super\u00e1vit quando as exporta\u00e7\u00f5es, vendas do Brasil para parceiros de neg\u00f3cios no exterior, superam as importa\u00e7\u00f5es, que s\u00e3o as compras do pa\u00eds tamb\u00e9m no exterior.<\/p>\n<p>Mariana Branco \u2013 Rep\u00f3rter da Ag\u00eancia Brasil<br \/>\nEdi\u00e7\u00e3o: Val\u00e9ria Aguiar<br \/>\n03\/03\/2017<\/p>\n","protected":false},"excerpt":{"rendered":"<p>A balan\u00e7a comercial brasileira teve super\u00e1vit de US$ 4,56 bilh\u00f5es em fevereiro. Trata-se do melhor resultado para meses de fevereiro desde o in\u00edcio da s\u00e9rie hist\u00f3rica do governo, em 1989. As exporta\u00e7\u00f5es ficaram em 15,472 US$ bilh\u00f5es, superando os US$ 10,192 bilh\u00f5es em importa\u00e7\u00f5es. Os dados foram divulgados pelo Minist\u00e9rio da Ind\u00fastria, Com\u00e9rcio Exterior e [&hellip;]<\/p>\n","protected":false},"author":2,"featured_media":57583,"comment_status":"open","ping_status":"closed","sticky":false,"template":"","format":"standard","meta":{"_genesis_hide_title":false,"_genesis_hide_breadcrumbs":false,"_genesis_hide_singular_image":false,"_genesis_hide_footer_widgets":false,"_genesis_custom_body_class":"","_genesis_custom_post_class":"","_genesis_layout":"","_jetpack_memberships_contains_paid_content":false,"footnotes":""},"categories":[22,7],"tags":[],"class_list":{"0":"post-108134","1":"post","2":"type-post","3":"status-publish","4":"format-standard","5":"has-post-thumbnail","7":"category-brasil","8":"category-economia","9":"entry","10":"gs-1","11":"gs-odd","12":"gs-even","13":"gs-featured-content-entry"},"jetpack_featured_media_url":"https:\/\/www.redenoticia.com.br\/noticia\/imagens\/economia-grafico.jpg","jetpack_sharing_enabled":true,"jetpack_likes_enabled":true,"_links":{"self":[{"href":"https:\/\/www.redenoticia.com.br\/noticia\/wp-json\/wp\/v2\/posts\/108134","targetHints":{"allow":["GET"]}}],"collection":[{"href":"https:\/\/www.redenoticia.com.br\/noticia\/wp-json\/wp\/v2\/posts"}],"about":[{"href":"https:\/\/www.redenoticia.com.br\/noticia\/wp-json\/wp\/v2\/types\/post"}],"author":[{"embeddable":true,"href":"https:\/\/www.redenoticia.com.br\/noticia\/wp-json\/wp\/v2\/users\/2"}],"replies":[{"embeddable":true,"href":"https:\/\/www.redenoticia.com.br\/noticia\/wp-json\/wp\/v2\/comments?post=108134"}],"version-history":[{"count":0,"href":"https:\/\/www.redenoticia.com.br\/noticia\/wp-json\/wp\/v2\/posts\/108134\/revisions"}],"wp:featuredmedia":[{"embeddable":true,"href":"https:\/\/www.redenoticia.com.br\/noticia\/wp-json\/wp\/v2\/media\/57583"}],"wp:attachment":[{"href":"https:\/\/www.redenoticia.com.br\/noticia\/wp-json\/wp\/v2\/media?parent=108134"}],"wp:term":[{"taxonomy":"category","embeddable":true,"href":"https:\/\/www.redenoticia.com.br\/noticia\/wp-json\/wp\/v2\/categories?post=108134"},{"taxonomy":"post_tag","embeddable":true,"href":"https:\/\/www.redenoticia.com.br\/noticia\/wp-json\/wp\/v2\/tags?post=108134"}],"curies":[{"name":"wp","href":"https:\/\/api.w.org\/{rel}","templated":true}]}}