{"id":108132,"date":"2017-03-03T00:46:43","date_gmt":"2017-03-03T03:46:43","guid":{"rendered":"http:\/\/www.redenoticia.com.br\/noticia\/?p=108132"},"modified":"2017-03-02T21:47:46","modified_gmt":"2017-03-03T00:47:46","slug":"numero-de-linhas-de-celulares-ativas-no-pais-registra-nova-queda-em-janeiro","status":"publish","type":"post","link":"https:\/\/www.redenoticia.com.br\/noticia\/2017\/numero-de-linhas-de-celulares-ativas-no-pais-registra-nova-queda-em-janeiro\/108132","title":{"rendered":"N\u00famero de linhas de celulares ativas no pa\u00eds registra nova queda em janeiro"},"content":{"rendered":"<p> O n\u00famero de <strong><em>linhas de celulares ativas<\/em><\/strong> no pa\u00eds caiu 5,38% em janeiro, na compara\u00e7\u00e3o com o mesmo m\u00eas do ano passado. O total de linhas m\u00f3veis registradas no pa\u00eds em janeiro deste ano foi 243,42 milh\u00f5es. Em compara\u00e7\u00e3o com dezembro de 2016, a queda no n\u00famero de linhas foi 0,27%.<\/p>\n<p>De acordo com a Ag\u00eancia Nacional de Telecomunica\u00e7\u00f5es (Anatel), a queda do n\u00famero de celulares \u00e9 consequ\u00eancia da redu\u00e7\u00e3o da tarifa de interconex\u00e3o, que \u00e9 o valor cobrado entre empresas fixas e m\u00f3veis para a realiza\u00e7\u00e3o das liga\u00e7\u00f5es, e do valor de remunera\u00e7\u00e3o de uso de rede, praticado entre as operadoras de celulares. \u201cCom pre\u00e7os menores das liga\u00e7\u00f5es de uma empresa para a outra, os consumidores cancelaram os chips de diferentes prestadores. A desacelera\u00e7\u00e3o econ\u00f4mica tamb\u00e9m contribuiu para encolhimento da base de acessos m\u00f3veis\u201d, explica a Anatel.<\/p>\n<p>Segundo especialistas, al\u00e9m da redu\u00e7\u00e3o no valor das liga\u00e7\u00f5es, a queda no n\u00famero de celulares no pa\u00eds pode ser explicada pela mudan\u00e7a na forma de comunica\u00e7\u00e3o dos brasileiros, que est\u00e3o deixando de usar o telefone para falar e usando mais aplicativos de troca de mensagens.<\/p>\n<p>A queda maior no n\u00famero de linhas foi registrada na modalidade pr\u00e9-paga. Nos \u00faltimos 12 meses, os acessos pr\u00e9-pagos sofreram queda de 10,88%, redu\u00e7\u00e3o de 20,00 milh\u00f5es de linhas m\u00f3veis. J\u00e1 os p\u00f3s-pagos tiveram um aumento de 6,17 milh\u00f5es de linhas (8,41%).<\/p>\n<p>No ano passado, foi registrada uma queda de 13,7 milh\u00f5es linhas de telefonia m\u00f3vel, o que representa um decr\u00e9scimo de 5,33% no n\u00famero de linhas ativas em rela\u00e7\u00e3o a 2015.<\/p>\n<p>Sabrina Craide &#8211; Rep\u00f3rter da Ag\u00eancia Brasil<br \/>\nEdi\u00e7\u00e3o: Val\u00e9ria Aguiar<br \/>\n03\/03\/2017<\/p>\n","protected":false},"excerpt":{"rendered":"<p>O n\u00famero de linhas de celulares ativas no pa\u00eds caiu 5,38% em janeiro, na compara\u00e7\u00e3o com o mesmo m\u00eas do ano passado. O total de linhas m\u00f3veis registradas no pa\u00eds em janeiro deste ano foi 243,42 milh\u00f5es. Em compara\u00e7\u00e3o com dezembro de 2016, a queda no n\u00famero de linhas foi 0,27%. De acordo com a [&hellip;]<\/p>\n","protected":false},"author":2,"featured_media":57585,"comment_status":"open","ping_status":"closed","sticky":false,"template":"","format":"standard","meta":{"_genesis_hide_title":false,"_genesis_hide_breadcrumbs":false,"_genesis_hide_singular_image":false,"_genesis_hide_footer_widgets":false,"_genesis_custom_body_class":"","_genesis_custom_post_class":"","_genesis_layout":"","_jetpack_memberships_contains_paid_content":false,"footnotes":""},"categories":[22,7],"tags":[],"class_list":{"0":"post-108132","1":"post","2":"type-post","3":"status-publish","4":"format-standard","5":"has-post-thumbnail","7":"category-brasil","8":"category-economia","9":"entry","10":"gs-1","11":"gs-odd","12":"gs-even","13":"gs-featured-content-entry"},"jetpack_featured_media_url":"https:\/\/www.redenoticia.com.br\/noticia\/imagens\/analise-economia.jpg","jetpack_sharing_enabled":true,"jetpack_likes_enabled":true,"_links":{"self":[{"href":"https:\/\/www.redenoticia.com.br\/noticia\/wp-json\/wp\/v2\/posts\/108132","targetHints":{"allow":["GET"]}}],"collection":[{"href":"https:\/\/www.redenoticia.com.br\/noticia\/wp-json\/wp\/v2\/posts"}],"about":[{"href":"https:\/\/www.redenoticia.com.br\/noticia\/wp-json\/wp\/v2\/types\/post"}],"author":[{"embeddable":true,"href":"https:\/\/www.redenoticia.com.br\/noticia\/wp-json\/wp\/v2\/users\/2"}],"replies":[{"embeddable":true,"href":"https:\/\/www.redenoticia.com.br\/noticia\/wp-json\/wp\/v2\/comments?post=108132"}],"version-history":[{"count":0,"href":"https:\/\/www.redenoticia.com.br\/noticia\/wp-json\/wp\/v2\/posts\/108132\/revisions"}],"wp:featuredmedia":[{"embeddable":true,"href":"https:\/\/www.redenoticia.com.br\/noticia\/wp-json\/wp\/v2\/media\/57585"}],"wp:attachment":[{"href":"https:\/\/www.redenoticia.com.br\/noticia\/wp-json\/wp\/v2\/media?parent=108132"}],"wp:term":[{"taxonomy":"category","embeddable":true,"href":"https:\/\/www.redenoticia.com.br\/noticia\/wp-json\/wp\/v2\/categories?post=108132"},{"taxonomy":"post_tag","embeddable":true,"href":"https:\/\/www.redenoticia.com.br\/noticia\/wp-json\/wp\/v2\/tags?post=108132"}],"curies":[{"name":"wp","href":"https:\/\/api.w.org\/{rel}","templated":true}]}}