{"id":108128,"date":"2017-03-03T00:44:26","date_gmt":"2017-03-03T03:44:26","guid":{"rendered":"http:\/\/www.redenoticia.com.br\/noticia\/?p=108128"},"modified":"2017-03-02T21:45:37","modified_gmt":"2017-03-03T00:45:37","slug":"inflacao-medida-pelo-ipc-s-desacelera-em-fevereiro","status":"publish","type":"post","link":"https:\/\/www.redenoticia.com.br\/noticia\/2017\/inflacao-medida-pelo-ipc-s-desacelera-em-fevereiro\/108128","title":{"rendered":"Infla\u00e7\u00e3o medida pelo IPC-S desacelera em fevereiro"},"content":{"rendered":"<p> O \u00cdndice de Pre\u00e7os ao Consumidor Semanal (<strong><em>IPC-S<\/em><\/strong>) encerrou fevereiro com varia\u00e7\u00e3o de 0,31%, taxa 0,09 ponto percentual inferior \u00e0 registrada na \u00faltima apura\u00e7\u00e3o, referente \u00e0 terceira pr\u00e9via do m\u00eas (0,4%). Fevereiro come\u00e7ou com alta de 0,61%, caiu para 0,49% na segunda pr\u00e9via e continuou em queda. No ano, a taxa acumula alta de 1,01% e, nos \u00faltimos 12 meses, de 4,57%.<\/p>\n<p>A pesquisa \u00e9 feita pelo Instituto Brasileiro de Economia (Ibre) da Funda\u00e7\u00e3o Getulio Vargas (FGV) em sete capitais: Recife, Salvador, Rio de Janeiro, S\u00e3o Paulo, Belo Horizonte, Bras\u00edlia e Porto Alegre. <\/p>\n<p>No conjunto das sete capitais, seis dos oito grupos apurados tiveram decr\u00e9scimo e a maior influ\u00eancia sobre o resultado do IPC-S foi constatada no grupo educa\u00e7\u00e3o, leitura e recrea\u00e7\u00e3o, que passou de 1,81% para 0,68%. A desacelera\u00e7\u00e3o foi puxada pelos cursos formais, cujos pre\u00e7os n\u00e3o sofreram altera\u00e7\u00e3o, depois de terem apresentado aumento de 2,34% no \u00faltimo levantamento.<\/p>\n<p>Os cinco grupos restantes com queda ou redu\u00e7\u00e3o no ritmo de corre\u00e7\u00e3o dos pre\u00e7os foram: alimenta\u00e7\u00e3o (de -0,13% para -0,16%), transportes (de 0,65% para 0,61%), vestu\u00e1rio (de 0,02% para -0,18%), comunica\u00e7\u00e3o (de 0,26% para 0,09%) e despesas diversas (0,35% para 0,31%).<\/p>\n<p>Em rela\u00e7\u00e3o aos alimentos, os produtos que mais contribu\u00edram foram as frutas (de 0,41% para -0,63%). Em transportes, diminuiu o ritmo de alta da tarifa de \u00f4nibus urbano (de 1,78% para 0,84%). Em vestu\u00e1rio, os pre\u00e7os das roupas tiveram queda mais expressiva do que na terceira pr\u00e9via (de -0,05% para -0,26%). No grupo comunica\u00e7\u00e3o, houve reflexo da tarifa de telefone m\u00f3vel (de 0,51% para 0,16%), e em despesas diversas, perda na intensidade de alta dos gastos com cart\u00f3rio (de 2,85% para 0,85%).<\/p>\n<p>Os dois grupos com avan\u00e7os foram: habita\u00e7\u00e3o (de 0,43% para 0,51%) por causa, principalmente, da eleva\u00e7\u00e3o de pre\u00e7os dos im\u00f3veis residenciais (de -0,40% para 0,41%) e sa\u00fade e cuidados pessoais (de 0,44% para 0,51%). Neste \u00faltimo grupo, a alta foi provocada pelos artigos de higiene e cuidado pessoal, que ficaram 0,12% mais caros depois de um recuo de 0,13%, na pesquisa passada.<\/p>\n<p>Os itens que mais pressionaram a infla\u00e7\u00e3o no per\u00edodo foram: plano e seguro de sa\u00fade (1,01%); empregada dom\u00e9stica mensalista (1,76%); taxa de \u00e1gua e esgoto residencial (1,94%); tarifa de \u00f4nibus urbano (0,84%) e laranja-pera (12,40%). Os produtos que mais contribu\u00edram para a queda no ritmo de infla\u00e7\u00e3o foram: feij\u00e3o-carioca (15,6%); banana-nanica (-13,6%); alcatra (-5,38%): banana-prata (-4,80%) e refrigerantes e \u00e1gua mineral (-1,65%).<\/p>\n<p>Marli Moreira &#8211; Rep\u00f3rter da Ag\u00eancia Brasil<br \/>\nEdi\u00e7\u00e3o: Gra\u00e7a Adjuto<br \/>\n03\/03\/2017<\/p>\n","protected":false},"excerpt":{"rendered":"<p>O \u00cdndice de Pre\u00e7os ao Consumidor Semanal (IPC-S) encerrou fevereiro com varia\u00e7\u00e3o de 0,31%, taxa 0,09 ponto percentual inferior \u00e0 registrada na \u00faltima apura\u00e7\u00e3o, referente \u00e0 terceira pr\u00e9via do m\u00eas (0,4%). Fevereiro come\u00e7ou com alta de 0,61%, caiu para 0,49% na segunda pr\u00e9via e continuou em queda. No ano, a taxa acumula alta de 1,01% [&hellip;]<\/p>\n","protected":false},"author":2,"featured_media":57584,"comment_status":"open","ping_status":"closed","sticky":false,"template":"","format":"standard","meta":{"_genesis_hide_title":false,"_genesis_hide_breadcrumbs":false,"_genesis_hide_singular_image":false,"_genesis_hide_footer_widgets":false,"_genesis_custom_body_class":"","_genesis_custom_post_class":"","_genesis_layout":"","_jetpack_memberships_contains_paid_content":false,"footnotes":""},"categories":[22,7],"tags":[],"class_list":{"0":"post-108128","1":"post","2":"type-post","3":"status-publish","4":"format-standard","5":"has-post-thumbnail","7":"category-brasil","8":"category-economia","9":"entry","10":"gs-1","11":"gs-odd","12":"gs-even","13":"gs-featured-content-entry"},"jetpack_featured_media_url":"https:\/\/www.redenoticia.com.br\/noticia\/imagens\/economia-grafica-analise-inflacao.jpg","jetpack_sharing_enabled":true,"jetpack_likes_enabled":true,"_links":{"self":[{"href":"https:\/\/www.redenoticia.com.br\/noticia\/wp-json\/wp\/v2\/posts\/108128","targetHints":{"allow":["GET"]}}],"collection":[{"href":"https:\/\/www.redenoticia.com.br\/noticia\/wp-json\/wp\/v2\/posts"}],"about":[{"href":"https:\/\/www.redenoticia.com.br\/noticia\/wp-json\/wp\/v2\/types\/post"}],"author":[{"embeddable":true,"href":"https:\/\/www.redenoticia.com.br\/noticia\/wp-json\/wp\/v2\/users\/2"}],"replies":[{"embeddable":true,"href":"https:\/\/www.redenoticia.com.br\/noticia\/wp-json\/wp\/v2\/comments?post=108128"}],"version-history":[{"count":0,"href":"https:\/\/www.redenoticia.com.br\/noticia\/wp-json\/wp\/v2\/posts\/108128\/revisions"}],"wp:featuredmedia":[{"embeddable":true,"href":"https:\/\/www.redenoticia.com.br\/noticia\/wp-json\/wp\/v2\/media\/57584"}],"wp:attachment":[{"href":"https:\/\/www.redenoticia.com.br\/noticia\/wp-json\/wp\/v2\/media?parent=108128"}],"wp:term":[{"taxonomy":"category","embeddable":true,"href":"https:\/\/www.redenoticia.com.br\/noticia\/wp-json\/wp\/v2\/categories?post=108128"},{"taxonomy":"post_tag","embeddable":true,"href":"https:\/\/www.redenoticia.com.br\/noticia\/wp-json\/wp\/v2\/tags?post=108128"}],"curies":[{"name":"wp","href":"https:\/\/api.w.org\/{rel}","templated":true}]}}