{"id":108126,"date":"2017-03-03T00:42:39","date_gmt":"2017-03-03T03:42:39","guid":{"rendered":"http:\/\/www.redenoticia.com.br\/noticia\/?p=108126"},"modified":"2017-03-02T21:44:04","modified_gmt":"2017-03-03T00:44:04","slug":"contribuintes-podem-entregar-declaracao-do-imposto-de-renda-ate-28-de-abril","status":"publish","type":"post","link":"https:\/\/www.redenoticia.com.br\/noticia\/2017\/contribuintes-podem-entregar-declaracao-do-imposto-de-renda-ate-28-de-abril\/108126","title":{"rendered":"Contribuintes podem entregar declara\u00e7\u00e3o do Imposto de Renda at\u00e9 28 de abril"},"content":{"rendered":"<p> Come\u00e7ou o prazo para os contribuintes entregarem a declara\u00e7\u00e3o do <strong><em>Imposto de Renda<\/em><\/strong> Pessoa F\u00edsica (IRPF) 2017, relativa ao ano-calend\u00e1rio 2016. A entrega da declara\u00e7\u00e3o pela internet vai at\u00e9 as 23h59 do dia 28 de abril.<\/p>\n<p>O programa gerador da declara\u00e7\u00e3o est\u00e1 dispon\u00edvel no site da Receita Federal para download. A declara\u00e7\u00e3o do Imposto de Renda \u00e9 obrigat\u00f3ria para quem recebeu rendimentos tribut\u00e1veis superiores a R$ 28.559,70 no ano passado.<\/p>\n<p>Precisa ainda declarar o IRPF quem recebeu rendimentos isentos, n\u00e3o tribut\u00e1veis ou tributados exclusivamente na fonte, cuja soma foi superior a R$ 40 mil; quem obteve, em qualquer m\u00eas de 2016, ganho de capital na aliena\u00e7\u00e3o de bens ou direitos sujeito \u00e0 incid\u00eancia de imposto ou realizou opera\u00e7\u00f5es em bolsas de valores, de mercadorias e de futuros.<\/p>\n<p>Quando se trata de atividade rural, \u00e9 obrigado a declarar o contribuinte com renda bruta superior a R$ 142.798,50; o que pretenda compensar preju\u00edzos do ano-calend\u00e1rio 2016 ou posteriores; ou que teve, em 31 de dezembro do ano passado, a posse ou propriedade de bens ou direitos, inclusive terra nua, cujo valor total seja superior a R$ 300 mil.<\/p>\n<p>A Receita Federal pagar\u00e1 a restitui\u00e7\u00e3o do IRPF em sete lotes, entre junho e dezembro deste ano. O primeiro lote ser\u00e1 pago em 16 de junho, o segundo em 17 de julho e o terceiro em 15 de agosto. O quarto, quinto e sexto lotes ser\u00e3o pagos, respectivamente, em 15 de setembro, 16 de outubro e 16 de novembro. O s\u00e9timo e \u00faltimo lote est\u00e1 previsto para ser pago em dezembro.<\/p>\n<p>Ao fazer a declara\u00e7\u00e3o, o contribuinte deve indicar a ag\u00eancia e a conta banc\u00e1ria na qual deseja receber a restitui\u00e7\u00e3o. Idosos, pessoas com defici\u00eancia f\u00edsica, mental ou doen\u00e7a grave t\u00eam prioridade para receber a restitui\u00e7\u00e3o.<\/p>\n<p>Mariana Branco \u2013 Rep\u00f3rter da Ag\u00eancia Brasil<br \/>\nEdi\u00e7\u00e3o: Gra\u00e7a Adjuto<br \/>\n03\/03\/2017<\/p>\n","protected":false},"excerpt":{"rendered":"<p>Come\u00e7ou o prazo para os contribuintes entregarem a declara\u00e7\u00e3o do Imposto de Renda Pessoa F\u00edsica (IRPF) 2017, relativa ao ano-calend\u00e1rio 2016. A entrega da declara\u00e7\u00e3o pela internet vai at\u00e9 as 23h59 do dia 28 de abril. O programa gerador da declara\u00e7\u00e3o est\u00e1 dispon\u00edvel no site da Receita Federal para download. A declara\u00e7\u00e3o do Imposto de [&hellip;]<\/p>\n","protected":false},"author":2,"featured_media":23889,"comment_status":"open","ping_status":"closed","sticky":false,"template":"","format":"standard","meta":{"_genesis_hide_title":false,"_genesis_hide_breadcrumbs":false,"_genesis_hide_singular_image":false,"_genesis_hide_footer_widgets":false,"_genesis_custom_body_class":"","_genesis_custom_post_class":"","_genesis_layout":"","_jetpack_memberships_contains_paid_content":false,"footnotes":""},"categories":[22,7],"tags":[],"class_list":{"0":"post-108126","1":"post","2":"type-post","3":"status-publish","4":"format-standard","5":"has-post-thumbnail","7":"category-brasil","8":"category-economia","9":"entry","10":"gs-1","11":"gs-odd","12":"gs-even","13":"gs-featured-content-entry"},"jetpack_featured_media_url":"https:\/\/www.redenoticia.com.br\/noticia\/imagens\/receita-federal-irpf-2010.jpg","jetpack_sharing_enabled":true,"jetpack_likes_enabled":true,"_links":{"self":[{"href":"https:\/\/www.redenoticia.com.br\/noticia\/wp-json\/wp\/v2\/posts\/108126","targetHints":{"allow":["GET"]}}],"collection":[{"href":"https:\/\/www.redenoticia.com.br\/noticia\/wp-json\/wp\/v2\/posts"}],"about":[{"href":"https:\/\/www.redenoticia.com.br\/noticia\/wp-json\/wp\/v2\/types\/post"}],"author":[{"embeddable":true,"href":"https:\/\/www.redenoticia.com.br\/noticia\/wp-json\/wp\/v2\/users\/2"}],"replies":[{"embeddable":true,"href":"https:\/\/www.redenoticia.com.br\/noticia\/wp-json\/wp\/v2\/comments?post=108126"}],"version-history":[{"count":0,"href":"https:\/\/www.redenoticia.com.br\/noticia\/wp-json\/wp\/v2\/posts\/108126\/revisions"}],"wp:featuredmedia":[{"embeddable":true,"href":"https:\/\/www.redenoticia.com.br\/noticia\/wp-json\/wp\/v2\/media\/23889"}],"wp:attachment":[{"href":"https:\/\/www.redenoticia.com.br\/noticia\/wp-json\/wp\/v2\/media?parent=108126"}],"wp:term":[{"taxonomy":"category","embeddable":true,"href":"https:\/\/www.redenoticia.com.br\/noticia\/wp-json\/wp\/v2\/categories?post=108126"},{"taxonomy":"post_tag","embeddable":true,"href":"https:\/\/www.redenoticia.com.br\/noticia\/wp-json\/wp\/v2\/tags?post=108126"}],"curies":[{"name":"wp","href":"https:\/\/api.w.org\/{rel}","templated":true}]}}