{"id":108036,"date":"2017-03-02T00:45:19","date_gmt":"2017-03-02T03:45:19","guid":{"rendered":"http:\/\/www.redenoticia.com.br\/noticia\/?p=108036"},"modified":"2017-03-01T20:46:11","modified_gmt":"2017-03-01T23:46:11","slug":"diario-oficial-publica-resolucao-que-proibe-juros-de-mercado","status":"publish","type":"post","link":"https:\/\/www.redenoticia.com.br\/noticia\/2017\/diario-oficial-publica-resolucao-que-proibe-juros-de-mercado\/108036","title":{"rendered":"Di\u00e1rio Oficial publica resolu\u00e7\u00e3o que pro\u00edbe juros de mercado"},"content":{"rendered":"<p> O Di\u00e1rio Oficial da Uni\u00e3o publicou resolu\u00e7\u00e3o oficializando decis\u00e3o do Conselho Monet\u00e1rio Nacional (CMN) anunciada na \u00faltima quinta-feira (23). A resolu\u00e7\u00e3o do Banco Central (BC), que entra em vigor em 1\u00b0 de setembro, estabelece que as institui\u00e7\u00f5es financeiras n\u00e3o poder\u00e3o mais cobrar taxas de juros de mercado dos clientes no caso de <strong><em>atraso nos pagamentos<\/em><\/strong>.<\/p>\n<p>Atualmente, os bancos podem cobrar juros de mora (punitivos) e juros remunerat\u00f3rios. No caso dos juros remunerat\u00f3rios, cobrados por dia de atraso, os bancos podem fixar a taxa com base nos juros definidos na ocasi\u00e3o da assinatura do contrato ou de acordo com as taxas vigentes de mercado.<\/p>\n<p>Com a decis\u00e3o do CMN, os bancos podem cobrar os juros de mora, e, no caso dos juros remunerat\u00f3rios, a mesma taxa pactuada no contrato para o per\u00edodo de adimpl\u00eancia da opera\u00e7\u00e3o. Segundo a publica\u00e7\u00e3o no Di\u00e1rio Oficial, \u201c\u00e9 vedada a cobran\u00e7a de quaisquer outros valores al\u00e9m dos encargos previstos nesta resolu\u00e7\u00e3o\u201d.<\/p>\n<p>Ao anunciar a medida, o BC destacou que ela traz mais uniformidade \u00e0s opera\u00e7\u00f5es de cr\u00e9dito e torna as regras mais claras para os clientes. No atual momento de queda de juros, no entanto, ela n\u00e3o significa juros mais baratos, j\u00e1 que as taxas de mercado (dos novos contratos) podem estar mais baixas do que os juros fixados no momento de assinatura dos contratos.<\/p>\n<p>Mariana Branco \u2013 Rep\u00f3rter da Ag\u00eancia Brasil<br \/>\nEdi\u00e7\u00e3o: Gra\u00e7a Adjuto<br \/>\n02\/03\/2017<\/p>\n","protected":false},"excerpt":{"rendered":"<p>O Di\u00e1rio Oficial da Uni\u00e3o publicou resolu\u00e7\u00e3o oficializando decis\u00e3o do Conselho Monet\u00e1rio Nacional (CMN) anunciada na \u00faltima quinta-feira (23). A resolu\u00e7\u00e3o do Banco Central (BC), que entra em vigor em 1\u00b0 de setembro, estabelece que as institui\u00e7\u00f5es financeiras n\u00e3o poder\u00e3o mais cobrar taxas de juros de mercado dos clientes no caso de atraso nos pagamentos. [&hellip;]<\/p>\n","protected":false},"author":2,"featured_media":57584,"comment_status":"open","ping_status":"closed","sticky":false,"template":"","format":"standard","meta":{"_genesis_hide_title":false,"_genesis_hide_breadcrumbs":false,"_genesis_hide_singular_image":false,"_genesis_hide_footer_widgets":false,"_genesis_custom_body_class":"","_genesis_custom_post_class":"","_genesis_layout":"","_jetpack_memberships_contains_paid_content":false,"footnotes":""},"categories":[22,7],"tags":[],"class_list":{"0":"post-108036","1":"post","2":"type-post","3":"status-publish","4":"format-standard","5":"has-post-thumbnail","7":"category-brasil","8":"category-economia","9":"entry","10":"gs-1","11":"gs-odd","12":"gs-even","13":"gs-featured-content-entry"},"jetpack_featured_media_url":"https:\/\/www.redenoticia.com.br\/noticia\/imagens\/economia-grafica-analise-inflacao.jpg","jetpack_sharing_enabled":true,"jetpack_likes_enabled":true,"_links":{"self":[{"href":"https:\/\/www.redenoticia.com.br\/noticia\/wp-json\/wp\/v2\/posts\/108036","targetHints":{"allow":["GET"]}}],"collection":[{"href":"https:\/\/www.redenoticia.com.br\/noticia\/wp-json\/wp\/v2\/posts"}],"about":[{"href":"https:\/\/www.redenoticia.com.br\/noticia\/wp-json\/wp\/v2\/types\/post"}],"author":[{"embeddable":true,"href":"https:\/\/www.redenoticia.com.br\/noticia\/wp-json\/wp\/v2\/users\/2"}],"replies":[{"embeddable":true,"href":"https:\/\/www.redenoticia.com.br\/noticia\/wp-json\/wp\/v2\/comments?post=108036"}],"version-history":[{"count":0,"href":"https:\/\/www.redenoticia.com.br\/noticia\/wp-json\/wp\/v2\/posts\/108036\/revisions"}],"wp:featuredmedia":[{"embeddable":true,"href":"https:\/\/www.redenoticia.com.br\/noticia\/wp-json\/wp\/v2\/media\/57584"}],"wp:attachment":[{"href":"https:\/\/www.redenoticia.com.br\/noticia\/wp-json\/wp\/v2\/media?parent=108036"}],"wp:term":[{"taxonomy":"category","embeddable":true,"href":"https:\/\/www.redenoticia.com.br\/noticia\/wp-json\/wp\/v2\/categories?post=108036"},{"taxonomy":"post_tag","embeddable":true,"href":"https:\/\/www.redenoticia.com.br\/noticia\/wp-json\/wp\/v2\/tags?post=108036"}],"curies":[{"name":"wp","href":"https:\/\/api.w.org\/{rel}","templated":true}]}}