{"id":108034,"date":"2017-03-02T00:44:23","date_gmt":"2017-03-02T03:44:23","guid":{"rendered":"http:\/\/www.redenoticia.com.br\/noticia\/?p=108034"},"modified":"2017-03-01T20:45:14","modified_gmt":"2017-03-01T23:45:14","slug":"cuidado-com-os-biomas-brasileiros-e-tema-da-campanha-da-fraternidade-2017","status":"publish","type":"post","link":"https:\/\/www.redenoticia.com.br\/noticia\/2017\/cuidado-com-os-biomas-brasileiros-e-tema-da-campanha-da-fraternidade-2017\/108034","title":{"rendered":"Cuidado com os biomas brasileiros \u00e9 tema da Campanha da Fraternidade 2017"},"content":{"rendered":"<p> Com o tema <strong><em>Fraternidade<\/em><\/strong>: biomas brasileiros e a defesa da vida, a Confer\u00eancia Nacional dos Bispos do Brasil (CNBB) abriu a Campanha da Fraternidade 2017. Segundo a CNBB, o objetivo da a\u00e7\u00e3o \u00e9 dar \u00eanfase \u00e0 diversidade de cada bioma, promover rela\u00e7\u00f5es respeitosas com a vida, o meio ambiente e a cultura dos povos que vivem nesses biomas. \u201cEste \u00e9, precisamente, um dos maiores desafios em todas as partes da terra, at\u00e9 porque as degrada\u00e7\u00f5es do ambiente s\u00e3o sempre acompanhadas pelas injusti\u00e7as sociais\u201d, disse o papa Francisco, em mensagem ao Brasil.<\/p>\n<p>O papa destacou que o desafio global pela preserva\u00e7\u00e3o, \u201cpelo qual toda a humanidade passa\u201d, exige o envolvimento de cada pessoa junto com a atua\u00e7\u00e3o da comunidade local. Para ele, os povos origin\u00e1rios de cada bioma ou que tradicionalmente neles vivem oferecem um exemplo claro de como a conviv\u00eancia com a cria\u00e7\u00e3o pode ser respeitosa.<\/p>\n<p>\u201c\u00c9 necess\u00e1rio conhecer e aprender com esses povos e suas rela\u00e7\u00f5es com a natureza. Assim, ser\u00e1 poss\u00edvel encontrar um modelo de sustentabilidade que possa ser uma alternativa ao af\u00e3 desenfreado pelo lucro que exaure os recursos naturais e agride a dignidade dos pobres\u201d, argumentou o papa.<\/p>\n<p>Para o arcebispo de Bras\u00edlia e presidente da CNBB, cardeal Sergio da Rocha, ningu\u00e9m pode assistir passivamente \u00e0 destrui\u00e7\u00e3o de um bioma, por isso, o assunto n\u00e3o pode ser deixado de lado pela Igreja. \u201cH\u00e1 muito a ser feito por cada um espontaneamente, como mudan\u00e7a no padr\u00e3o de consumo, cuidados com a \u00e1gua e com o lixo dom\u00e9stico, mas necessitamos de iniciativas comunit\u00e1rias, que exigem a participa\u00e7\u00e3o do Poder P\u00fablico e a\u00e7\u00f5es efetivas dos governos\u201d, disse. \u201cPrecisamos de um modelo econ\u00f4mico que n\u00e3o destrua os recursos naturais.\u201d<\/p>\n<p>Venda de terras a estrangeiros<\/p>\n<p>O lan\u00e7amento da campanha, hoje em Bras\u00edlia, contou com a presen\u00e7a do deputado federal Alessandro Molon (Rede-RJ), presidente da Frente Parlamentar Ambientalista. Ele pediu o apoio da CNBB \u00e0 Frente em projetos em tramita\u00e7\u00e3o no Congresso Nacional, destacando o que pretende liberar a venda de terras a estrangeiros. \u201cEssa compra n\u00e3o ser\u00e1 para proteger a biodiversidade, mas para estimular a explora\u00e7\u00e3o predat\u00f3ria e a servi\u00e7o do dinheiro\u201d, disse o parlamentar.<\/p>\n<p>Para Molon, o desmatamento j\u00e1 \u00e9 um problema no pa\u00eds e, se houver a facilita\u00e7\u00e3o da venda de terras a estrangeiros, tende a se agravar. Segundo o deputado, se o projeto passar pela aprova\u00e7\u00e3o do Congresso ser\u00e1 preciso criar o m\u00e1ximo de barreiras poss\u00edvel. &#8220;Sabemos que a venda de terras ser\u00e1 usada para expandir a fronteira agr\u00edcola, para levar a agropecu\u00e1ria a lugares que hoje ainda tem biomas naturais.\u201d<\/p>\n<p>Para o secret\u00e1rio de Articula\u00e7\u00e3o Institucional e Cidadania do Minist\u00e9rio do Meio Ambiente, Edson Duarte, a preocupa\u00e7\u00e3o \u00e9 que a possibilidade de venda a estrangeiros exer\u00e7a uma press\u00e3o maior sobre os biomas brasileiros, j\u00e1 que a terra teria grande valoriza\u00e7\u00e3o. \u201c\u00c9 preciso fortalecer o setor, mas, talvez n\u00e3o necessariamente, com a abertura para venda ao exterior. O agroneg\u00f3cio \u00e9 importante para a economia brasileira, e \u00e9 poss\u00edvel conviver com a prote\u00e7\u00e3o dos remanescentes florestais que temos no Brasil\u201d, afirmou.<\/p>\n<p>Segundo Duarte, caso o projeto saia do papel, o trabalho do minist\u00e9rio seria no sentido de garantir que as leis brasileiras, como o C\u00f3digo Florestal, sejam respeitadas, que o com\u00e9rcio n\u00e3o venha a exercer press\u00e3o sobre as florestas brasileiras.<\/p>\n<p>De acordo com o cardeal S\u00e9rgio da Rocha, as terras devem ser valorizadas e respeitadas, considerando as pessoas que vivem e sobrevivem delas. \u201cElas n\u00e3o podem perder o direto \u00e0s terras e \u00e0 sua vida, e sua cultura deve ser valorizada nessas diferentes circunst\u00e2ncias.\u201d<\/p>\n<p>A\u00e7\u00f5es da campanha<\/p>\n<p>O texto-base da Campanha da Fraternidade 2017, que tem como lema Cultivar e guardar a cria\u00e7\u00e3o, aborda cada um dos seis biomas brasileiros, suas caracter\u00edsticas e significados, desafios e as principais iniciativas j\u00e1 existentes na defesa da biodiversidade e da cultura dos povos origin\u00e1rios.<\/p>\n<p>Entre as a\u00e7\u00f5es propostas est\u00e3o o aprofundamento de estudos e debates nas escolas p\u00fablicas e privadas sobre o tema abordado pela campanha. Segundo a CNBB, o fortalecimento das redes e articula\u00e7\u00f5es, em todos os n\u00edveis, tamb\u00e9m \u00e9 proposto com o objetivo de suscitar nova consci\u00eancia e novas pr\u00e1ticas na defesa dos ambientes essenciais \u00e0 vida. Al\u00e9m disso, o texto chama a aten\u00e7\u00e3o para a necessidade de a popula\u00e7\u00e3o defender o desmatamento zero para todos os biomas e sua composi\u00e7\u00e3o florestal.<\/p>\n<p>No campo pol\u00edtico, o texto-base da campanha incentiva a cria\u00e7\u00e3o de um projeto de lei que impe\u00e7a o uso de agrot\u00f3xicos. \u201cEle indica ainda que combater a corrup\u00e7\u00e3o \u00e9 um modo especial para se evitar processos licitat\u00f3rios fraudulentos, especialmente em rela\u00e7\u00e3o \u00e0s enchentes e secas que acabam sendo mecanismos de explora\u00e7\u00e3o e desvio de recursos p\u00fablicos\u201d, informou a CNBB.<\/p>\n<p>No Brasil, a Campanha da Fraternidade existe h\u00e1 mais de 50 anos, e sua abertura oficial sempre ocorre na Quarta-feira de Cinzas, quando tem in\u00edcio a Quaresma, \u00e9poca na qual a Igreja convida os fi\u00e9is a experimentar tr\u00eas pr\u00e1ticas de penit\u00eancia: a ora\u00e7\u00e3o, o jejum e a caridade.<\/p>\n<p>Andreia Verd\u00e9lio &#8211; Rep\u00f3rter da Ag\u00eancia Brasil<br \/>\nEdi\u00e7\u00e3o: Gra\u00e7a Adjuto<br \/>\n02\/03\/2017<\/p>\n","protected":false},"excerpt":{"rendered":"<p>Com o tema Fraternidade: biomas brasileiros e a defesa da vida, a Confer\u00eancia Nacional dos Bispos do Brasil (CNBB) abriu a Campanha da Fraternidade 2017. Segundo a CNBB, o objetivo da a\u00e7\u00e3o \u00e9 dar \u00eanfase \u00e0 diversidade de cada bioma, promover rela\u00e7\u00f5es respeitosas com a vida, o meio ambiente e a cultura dos povos que [&hellip;]<\/p>\n","protected":false},"author":2,"featured_media":34905,"comment_status":"open","ping_status":"closed","sticky":false,"template":"","format":"standard","meta":{"_genesis_hide_title":false,"_genesis_hide_breadcrumbs":false,"_genesis_hide_singular_image":false,"_genesis_hide_footer_widgets":false,"_genesis_custom_body_class":"","_genesis_custom_post_class":"","_genesis_layout":"","_jetpack_memberships_contains_paid_content":false,"footnotes":""},"categories":[22],"tags":[],"class_list":{"0":"post-108034","1":"post","2":"type-post","3":"status-publish","4":"format-standard","5":"has-post-thumbnail","7":"category-brasil","8":"entry","9":"gs-1","10":"gs-odd","11":"gs-even","12":"gs-featured-content-entry"},"jetpack_featured_media_url":"https:\/\/www.redenoticia.com.br\/noticia\/imagens\/codigo-florestal.jpg","jetpack_sharing_enabled":true,"jetpack_likes_enabled":true,"_links":{"self":[{"href":"https:\/\/www.redenoticia.com.br\/noticia\/wp-json\/wp\/v2\/posts\/108034","targetHints":{"allow":["GET"]}}],"collection":[{"href":"https:\/\/www.redenoticia.com.br\/noticia\/wp-json\/wp\/v2\/posts"}],"about":[{"href":"https:\/\/www.redenoticia.com.br\/noticia\/wp-json\/wp\/v2\/types\/post"}],"author":[{"embeddable":true,"href":"https:\/\/www.redenoticia.com.br\/noticia\/wp-json\/wp\/v2\/users\/2"}],"replies":[{"embeddable":true,"href":"https:\/\/www.redenoticia.com.br\/noticia\/wp-json\/wp\/v2\/comments?post=108034"}],"version-history":[{"count":0,"href":"https:\/\/www.redenoticia.com.br\/noticia\/wp-json\/wp\/v2\/posts\/108034\/revisions"}],"wp:featuredmedia":[{"embeddable":true,"href":"https:\/\/www.redenoticia.com.br\/noticia\/wp-json\/wp\/v2\/media\/34905"}],"wp:attachment":[{"href":"https:\/\/www.redenoticia.com.br\/noticia\/wp-json\/wp\/v2\/media?parent=108034"}],"wp:term":[{"taxonomy":"category","embeddable":true,"href":"https:\/\/www.redenoticia.com.br\/noticia\/wp-json\/wp\/v2\/categories?post=108034"},{"taxonomy":"post_tag","embeddable":true,"href":"https:\/\/www.redenoticia.com.br\/noticia\/wp-json\/wp\/v2\/tags?post=108034"}],"curies":[{"name":"wp","href":"https:\/\/api.w.org\/{rel}","templated":true}]}}