{"id":108032,"date":"2017-03-02T00:43:04","date_gmt":"2017-03-02T03:43:04","guid":{"rendered":"http:\/\/www.redenoticia.com.br\/noticia\/?p=108032"},"modified":"2017-03-01T20:44:18","modified_gmt":"2017-03-01T23:44:18","slug":"chuvas-em-sao-paulo-ficam-29-abaixo-da-media-em-fevereiro","status":"publish","type":"post","link":"https:\/\/www.redenoticia.com.br\/noticia\/2017\/chuvas-em-sao-paulo-ficam-29-abaixo-da-media-em-fevereiro\/108032","title":{"rendered":"Chuvas em S\u00e3o Paulo ficam 29% abaixo da m\u00e9dia em fevereiro"},"content":{"rendered":"<p> Depois de um janeiro bem chuvoso, o m\u00eas de fevereiro na cidade de S\u00e3o Paulo foi marcado por uma sequ\u00eancia de dias com forte calor e tempo mais seco. De acordo com o Centro de Gerenciamento de Emerg\u00eancias (CGE), \u00f3rg\u00e3o da prefeitura, este segundo m\u00eas do ano fechou com volume de 156,2 mil\u00edmetros (mm), equivalente a 71% da <strong><em>m\u00e9dia de chuva<\/em><\/strong> esperada (219,2 mm) para o m\u00eas.<\/p>\n<p>Al\u00e9m dessa quantidade abaixo da m\u00e9dia, prevaleceram as precipita\u00e7\u00f5es irregulares com pancadas mais frequentes em algumas localidades e escassas em outras. Os dias tamb\u00e9m foram quentes, com temperatura m\u00e9dia de 34,6\u00ba C (graus Celsius) e recorde de 36,7\u00baC, no \u00faltimo dia 19, nos medidores do bairro da Freguesia do \u00d3, na zona norte da cidade. Essa mesma medida foi registrada no dia seguinte, nos bairros vizinhos de Pirituba e Jaragu\u00e1.<\/p>\n<p>Ainda segundo o CGE, houve uma concentra\u00e7\u00e3o maior de chuva em janeiro \u00faltimo, totalizando 375,7 mm, bem acima da m\u00e9dia esperada, que era de 256,5 mm.<\/p>\n<p>Sistema Cantareira<\/p>\n<p>Com a irregularidade das chuvas, a pluviometria do Sistema Cantareira, principal manancial que fornece \u00e1gua na Grande S\u00e3o Paulo, ficou abaixo da m\u00e9dia. No entanto, o abastecimento n\u00e3o chegou a ser comprometido. Alimentado por seis represas ( Jaguari-Jacare\u00ed, Cachoeira, Atibainha, Paiva Castro e \u00c1guas Claras) e com capta\u00e7\u00f5es iniciadas em fontes no Sul de Minas Gerais, o Cantareira encerrou fevereiro com volume de 94,2 mm, ante a m\u00e9dia de 203,4 mm.<\/p>\n<p>Apesar do n\u00edvel mais baixo que no m\u00eas anterior, a situa\u00e7\u00e3o do Sistema Cantareira est\u00e1 longe do drama da seca vivido nos anos de 2014 e 2015. Segundo os dados da medi\u00e7\u00e3o di\u00e1ria da Companhia de Saneamento B\u00e1sico do Estado de S\u00e3o Paulo (Sabesp), que administra esse Sistema, o n\u00edvel menor de capta\u00e7\u00e3o em fevereiro foi compensado por uma grande quantidade de precipita\u00e7\u00f5es em janeiro, quando o Sistema atingiu 393,1 mm, bem acima da m\u00e9dia esperada (262,6 mm).<\/p>\n<p>O volume de \u00e1gua armazenado nesse Sistema atingiu 92% de sua capacidade no fechamento de fevereiro, o que \u00e9 quase o dobro do registrado em igual per\u00edodo do ano passado (52,6%).<\/p>\n<p>Nos demais sistemas, o Tiet\u00ea \u00e9 o que apresenta o menor n\u00edvel de opera\u00e7\u00e3o (52,7%), mas com relativa melhora sobre o mesmo per\u00edodo de 2016 (32,7%). Na mesma base de compara\u00e7\u00e3o, o Guarapiranga teve uma pequena redu\u00e7\u00e3o no \u00edndice, mas ainda assim mant\u00e9m-se em margem confort\u00e1vel. No Alto Cotia, a capacidade atingiu 100,5% ante 100%; o Sistema Rio Grande teve 90,9% ante 88,4%; e o Rio Claro, 96,3% ante 83,2%.<\/p>\n<p>Chuvas de mar\u00e7o<\/p>\n<p>De acordo com as previs\u00f5es do Instituto Nacional de Meteorologia (Inmet), o m\u00eas de mar\u00e7o vai come\u00e7ar ainda com chuvas isoladas no estado de S\u00e3o Paulo, mas a partir da pr\u00f3xima sexta-feira (3), elas ocorrer\u00e3o de forma mais generalizada e com maior intensidade.<\/p>\n<p>Marli Moreira &#8211; Rep\u00f3rter da Ag\u00eancia Brasil<br \/>\nEdi\u00e7\u00e3o: Lidia Neves<br \/>\n02\/03\/2017<\/p>\n","protected":false},"excerpt":{"rendered":"<p>Depois de um janeiro bem chuvoso, o m\u00eas de fevereiro na cidade de S\u00e3o Paulo foi marcado por uma sequ\u00eancia de dias com forte calor e tempo mais seco. De acordo com o Centro de Gerenciamento de Emerg\u00eancias (CGE), \u00f3rg\u00e3o da prefeitura, este segundo m\u00eas do ano fechou com volume de 156,2 mil\u00edmetros (mm), equivalente [&hellip;]<\/p>\n","protected":false},"author":2,"featured_media":26302,"comment_status":"open","ping_status":"closed","sticky":false,"template":"","format":"standard","meta":{"_genesis_hide_title":false,"_genesis_hide_breadcrumbs":false,"_genesis_hide_singular_image":false,"_genesis_hide_footer_widgets":false,"_genesis_custom_body_class":"","_genesis_custom_post_class":"","_genesis_layout":"","_jetpack_memberships_contains_paid_content":false,"footnotes":""},"categories":[22],"tags":[],"class_list":{"0":"post-108032","1":"post","2":"type-post","3":"status-publish","4":"format-standard","5":"has-post-thumbnail","7":"category-brasil","8":"entry","9":"gs-1","10":"gs-odd","11":"gs-even","12":"gs-featured-content-entry"},"jetpack_featured_media_url":"https:\/\/www.redenoticia.com.br\/noticia\/imagens\/previsao-tempo-clima-temperatura-.jpg","jetpack_sharing_enabled":true,"jetpack_likes_enabled":true,"_links":{"self":[{"href":"https:\/\/www.redenoticia.com.br\/noticia\/wp-json\/wp\/v2\/posts\/108032","targetHints":{"allow":["GET"]}}],"collection":[{"href":"https:\/\/www.redenoticia.com.br\/noticia\/wp-json\/wp\/v2\/posts"}],"about":[{"href":"https:\/\/www.redenoticia.com.br\/noticia\/wp-json\/wp\/v2\/types\/post"}],"author":[{"embeddable":true,"href":"https:\/\/www.redenoticia.com.br\/noticia\/wp-json\/wp\/v2\/users\/2"}],"replies":[{"embeddable":true,"href":"https:\/\/www.redenoticia.com.br\/noticia\/wp-json\/wp\/v2\/comments?post=108032"}],"version-history":[{"count":0,"href":"https:\/\/www.redenoticia.com.br\/noticia\/wp-json\/wp\/v2\/posts\/108032\/revisions"}],"wp:featuredmedia":[{"embeddable":true,"href":"https:\/\/www.redenoticia.com.br\/noticia\/wp-json\/wp\/v2\/media\/26302"}],"wp:attachment":[{"href":"https:\/\/www.redenoticia.com.br\/noticia\/wp-json\/wp\/v2\/media?parent=108032"}],"wp:term":[{"taxonomy":"category","embeddable":true,"href":"https:\/\/www.redenoticia.com.br\/noticia\/wp-json\/wp\/v2\/categories?post=108032"},{"taxonomy":"post_tag","embeddable":true,"href":"https:\/\/www.redenoticia.com.br\/noticia\/wp-json\/wp\/v2\/tags?post=108032"}],"curies":[{"name":"wp","href":"https:\/\/api.w.org\/{rel}","templated":true}]}}