{"id":108030,"date":"2017-03-02T00:41:50","date_gmt":"2017-03-02T03:41:50","guid":{"rendered":"http:\/\/www.redenoticia.com.br\/noticia\/?p=108030"},"modified":"2017-03-01T20:42:58","modified_gmt":"2017-03-01T23:42:58","slug":"estado-sp-convoca-sociedade-civil-para-comite-do-programa-crianca-feliz","status":"publish","type":"post","link":"https:\/\/www.redenoticia.com.br\/noticia\/2017\/estado-sp-convoca-sociedade-civil-para-comite-do-programa-crianca-feliz\/108030","title":{"rendered":"Estado SP convoca sociedade civil para Comit\u00ea do Programa Crian\u00e7a Feliz"},"content":{"rendered":"<p> A  publicou decreto que prev\u00ea a cria\u00e7\u00e3o do Comit\u00ea Gestor\u00a0Estadual do <strong><em>Programa Crian\u00e7a Feliz<\/em><\/strong>, com o objetivo de promover o\u00a0desenvolvimento integral das crian\u00e7as na primeira inf\u00e2ncia.<\/p>\n<p>Membros da sociedade civil e de Conselhos poder\u00e3o ser indicados para compor o Comit\u00ea, que vai atuar de maneira intersetorial no planejamento e na articula\u00e7\u00e3o para alcan\u00e7ar os objetivos do Programa.<\/p>\n<p>A forma\u00e7\u00e3o contar\u00e1 com representantes da Secretaria de Desenvolvimento Social, que tamb\u00e9m ser\u00e1 coordenadora, da Casa Civil e das secretarias da Cultura, Justi\u00e7a e da Defesa da Cidadania, Sa\u00fade, Educa\u00e7\u00e3o e do Conselho Estadual dos Direitos da Crian\u00e7a e do Adolescente.<\/p>\n<p>Al\u00e9m das secretarias, tamb\u00e9m far\u00e3o parte membros da sociedade civil, da Comiss\u00e3o Estadual Intersetorial do Programa Bolsa Fam\u00edlia, do Cadastro \u00danico do Estado e do Fundo Social de Solidariedade do Estado de S\u00e3o Paulo (Fussesp).<\/p>\n<p>As indica\u00e7\u00f5es para a composi\u00e7\u00e3o do Comit\u00ea devem ser encaminhada \u00e0 Secretaria de Desenvolvimento Social at\u00e9 o pr\u00f3ximo dia 16 de mar\u00e7o, na Rua Bela Cintra, 1032, 10\u00ba (CDS).<\/p>\n<p>Mais informa\u00e7\u00f5es podem ser obtidas pelo telefone (11) 2763-8262.<\/p>\n<p>Do Portal do Governo SP<\/p>\n","protected":false},"excerpt":{"rendered":"<p>A publicou decreto que prev\u00ea a cria\u00e7\u00e3o do Comit\u00ea Gestor\u00a0Estadual do Programa Crian\u00e7a Feliz, com o objetivo de promover o\u00a0desenvolvimento integral das crian\u00e7as na primeira inf\u00e2ncia. Membros da sociedade civil e de Conselhos poder\u00e3o ser indicados para compor o Comit\u00ea, que vai atuar de maneira intersetorial no planejamento e na articula\u00e7\u00e3o para alcan\u00e7ar os objetivos [&hellip;]<\/p>\n","protected":false},"author":2,"featured_media":28951,"comment_status":"open","ping_status":"closed","sticky":false,"template":"","format":"standard","meta":{"_genesis_hide_title":false,"_genesis_hide_breadcrumbs":false,"_genesis_hide_singular_image":false,"_genesis_hide_footer_widgets":false,"_genesis_custom_body_class":"","_genesis_custom_post_class":"","_genesis_layout":"","_jetpack_memberships_contains_paid_content":false,"footnotes":""},"categories":[22],"tags":[],"class_list":{"0":"post-108030","1":"post","2":"type-post","3":"status-publish","4":"format-standard","5":"has-post-thumbnail","7":"category-brasil","8":"entry","9":"gs-1","10":"gs-odd","11":"gs-even","12":"gs-featured-content-entry"},"jetpack_featured_media_url":"https:\/\/www.redenoticia.com.br\/noticia\/imagens\/concurso-inscricao-vagas-ate.jpg","jetpack_sharing_enabled":true,"jetpack_likes_enabled":true,"_links":{"self":[{"href":"https:\/\/www.redenoticia.com.br\/noticia\/wp-json\/wp\/v2\/posts\/108030","targetHints":{"allow":["GET"]}}],"collection":[{"href":"https:\/\/www.redenoticia.com.br\/noticia\/wp-json\/wp\/v2\/posts"}],"about":[{"href":"https:\/\/www.redenoticia.com.br\/noticia\/wp-json\/wp\/v2\/types\/post"}],"author":[{"embeddable":true,"href":"https:\/\/www.redenoticia.com.br\/noticia\/wp-json\/wp\/v2\/users\/2"}],"replies":[{"embeddable":true,"href":"https:\/\/www.redenoticia.com.br\/noticia\/wp-json\/wp\/v2\/comments?post=108030"}],"version-history":[{"count":0,"href":"https:\/\/www.redenoticia.com.br\/noticia\/wp-json\/wp\/v2\/posts\/108030\/revisions"}],"wp:featuredmedia":[{"embeddable":true,"href":"https:\/\/www.redenoticia.com.br\/noticia\/wp-json\/wp\/v2\/media\/28951"}],"wp:attachment":[{"href":"https:\/\/www.redenoticia.com.br\/noticia\/wp-json\/wp\/v2\/media?parent=108030"}],"wp:term":[{"taxonomy":"category","embeddable":true,"href":"https:\/\/www.redenoticia.com.br\/noticia\/wp-json\/wp\/v2\/categories?post=108030"},{"taxonomy":"post_tag","embeddable":true,"href":"https:\/\/www.redenoticia.com.br\/noticia\/wp-json\/wp\/v2\/tags?post=108030"}],"curies":[{"name":"wp","href":"https:\/\/api.w.org\/{rel}","templated":true}]}}