{"id":107927,"date":"2017-03-01T00:11:07","date_gmt":"2017-03-01T03:11:07","guid":{"rendered":"http:\/\/www.redenoticia.com.br\/noticia\/?p=107927"},"modified":"2017-02-28T18:41:05","modified_gmt":"2017-02-28T21:41:05","slug":"conta-de-luz-tera-bandeira-amarela-em-marco-com-extra-de-r-2-a-cada-100-kwh","status":"publish","type":"post","link":"https:\/\/www.redenoticia.com.br\/noticia\/2017\/conta-de-luz-tera-bandeira-amarela-em-marco-com-extra-de-r-2-a-cada-100-kwh\/107927","title":{"rendered":"Conta de luz ter\u00e1 bandeira amarela em mar\u00e7o, com extra de R$ 2 a cada 100 kWh"},"content":{"rendered":"<p> A <strong><em>bandeira tarif\u00e1ria<\/em><\/strong> que ser\u00e1 aplicada nas contas de luz em mar\u00e7o ser\u00e1 amarela, ou seja, com cobran\u00e7a extra de R$ 2 a cada 100 quilowatts-hora (kWh) consumidos. A bandeira amarela \u00e9 ativada quando \u00e9 preciso acionar mais usinas termel\u00e9tricas, por causa da falta de chuvas.<\/p>\n<p> Segundo a Ag\u00eancia Nacional de Energia El\u00e9trica (Aneel), a previs\u00e3o de chuvas nos reservat\u00f3rios das hidrel\u00e9tricas no m\u00eas de mar\u00e7o ficou abaixo da expectativa anterior, o que levou a indica\u00e7\u00e3o de maior gera\u00e7\u00e3o termel\u00e9trica como medida para preservar os n\u00edveis de armazenamento e garantir o atendimento \u00e0 carga do sistema.<\/p>\n<p>Desde dezembro, a bandeira tarif\u00e1ria estava verde, sem custo extra para os consumidores. Na semana passada, a Aneel aprovou os novos valores para as bandeiras neste ano.<\/p>\n<p>O sistema de bandeiras tarif\u00e1rias foi criado em 2015 como forma de recompor os gastos extras com a utiliza\u00e7\u00e3o de energia de usinas termel\u00e9tricas, que \u00e9 mais cara do que a de hidrel\u00e9tricas. A cor da bandeira \u00e9 impressa na conta de luz (vermelha, amarela ou verde) e indica o custo da energia em fun\u00e7\u00e3o das condi\u00e7\u00f5es de gera\u00e7\u00e3o de eletricidade.<\/p>\n<p>Quando chove menos, por exemplo, os reservat\u00f3rios das hidrel\u00e9tricas ficam mais vazios e \u00e9 preciso acionar mais termel\u00e9tricas para garantir o suprimento de energia no pa\u00eds. Nesse caso, a bandeira fica amarela ou vermelha, de acordo com o custo de opera\u00e7\u00e3o das termel\u00e9tricas acionadas.<\/p>\n<p>Sabrina Craide &#8211; Rep\u00f3rter da Ag\u00eancia Brasil<br \/>\nEdi\u00e7\u00e3o: Luana Louren\u00e7o<br \/>\n01\/03\/2017<\/p>\n","protected":false},"excerpt":{"rendered":"<p>A bandeira tarif\u00e1ria que ser\u00e1 aplicada nas contas de luz em mar\u00e7o ser\u00e1 amarela, ou seja, com cobran\u00e7a extra de R$ 2 a cada 100 quilowatts-hora (kWh) consumidos. A bandeira amarela \u00e9 ativada quando \u00e9 preciso acionar mais usinas termel\u00e9tricas, por causa da falta de chuvas. Segundo a Ag\u00eancia Nacional de Energia El\u00e9trica (Aneel), a [&hellip;]<\/p>\n","protected":false},"author":2,"featured_media":57584,"comment_status":"open","ping_status":"closed","sticky":false,"template":"","format":"standard","meta":{"_genesis_hide_title":false,"_genesis_hide_breadcrumbs":false,"_genesis_hide_singular_image":false,"_genesis_hide_footer_widgets":false,"_genesis_custom_body_class":"","_genesis_custom_post_class":"","_genesis_layout":"","_jetpack_memberships_contains_paid_content":false,"footnotes":""},"categories":[22,7],"tags":[],"class_list":{"0":"post-107927","1":"post","2":"type-post","3":"status-publish","4":"format-standard","5":"has-post-thumbnail","7":"category-brasil","8":"category-economia","9":"entry","10":"gs-1","11":"gs-odd","12":"gs-even","13":"gs-featured-content-entry"},"jetpack_featured_media_url":"https:\/\/www.redenoticia.com.br\/noticia\/imagens\/economia-grafica-analise-inflacao.jpg","jetpack_sharing_enabled":true,"jetpack_likes_enabled":true,"_links":{"self":[{"href":"https:\/\/www.redenoticia.com.br\/noticia\/wp-json\/wp\/v2\/posts\/107927","targetHints":{"allow":["GET"]}}],"collection":[{"href":"https:\/\/www.redenoticia.com.br\/noticia\/wp-json\/wp\/v2\/posts"}],"about":[{"href":"https:\/\/www.redenoticia.com.br\/noticia\/wp-json\/wp\/v2\/types\/post"}],"author":[{"embeddable":true,"href":"https:\/\/www.redenoticia.com.br\/noticia\/wp-json\/wp\/v2\/users\/2"}],"replies":[{"embeddable":true,"href":"https:\/\/www.redenoticia.com.br\/noticia\/wp-json\/wp\/v2\/comments?post=107927"}],"version-history":[{"count":0,"href":"https:\/\/www.redenoticia.com.br\/noticia\/wp-json\/wp\/v2\/posts\/107927\/revisions"}],"wp:featuredmedia":[{"embeddable":true,"href":"https:\/\/www.redenoticia.com.br\/noticia\/wp-json\/wp\/v2\/media\/57584"}],"wp:attachment":[{"href":"https:\/\/www.redenoticia.com.br\/noticia\/wp-json\/wp\/v2\/media?parent=107927"}],"wp:term":[{"taxonomy":"category","embeddable":true,"href":"https:\/\/www.redenoticia.com.br\/noticia\/wp-json\/wp\/v2\/categories?post=107927"},{"taxonomy":"post_tag","embeddable":true,"href":"https:\/\/www.redenoticia.com.br\/noticia\/wp-json\/wp\/v2\/tags?post=107927"}],"curies":[{"name":"wp","href":"https:\/\/api.w.org\/{rel}","templated":true}]}}