{"id":107925,"date":"2017-03-01T00:08:01","date_gmt":"2017-03-01T03:08:01","guid":{"rendered":"http:\/\/www.redenoticia.com.br\/noticia\/?p=107925"},"modified":"2017-02-28T18:40:01","modified_gmt":"2017-02-28T21:40:01","slug":"inadimplencia-das-empresas-cresce-528-em-janeiro","status":"publish","type":"post","link":"https:\/\/www.redenoticia.com.br\/noticia\/2017\/inadimplencia-das-empresas-cresce-528-em-janeiro\/107925","title":{"rendered":"Inadimpl\u00eancia das empresas cresce 5,28% em janeiro"},"content":{"rendered":"<p> O n\u00famero de <strong><em>empresas inadimplentes<\/em><\/strong> aumentou 5,28% em janeiro, em compara\u00e7\u00e3o com o mesmo per\u00edodo do ano passado, de acordo com o indicador divulgado pelo Servi\u00e7o de Prote\u00e7\u00e3o ao Cr\u00e9dito (SPC Brasil) e pela Confedera\u00e7\u00e3o Nacional de Dirigentes Lojistas (CNDL). O crescimento do n\u00famero de pessoas jur\u00eddicas negativadas perdeu for\u00e7a em 2016 \u2013 em janeiro do ano passado, a varia\u00e7\u00e3o anual foi 13,52%.<\/p>\n<p>Levando em considera\u00e7\u00e3o os dados das cinco regi\u00f5es brasileiras, o indicador demonstrou que o Nordeste teve o maior avan\u00e7o do n\u00famero de pessoas jur\u00eddicas negativadas em rela\u00e7\u00e3o a janeiro do ano passado (6,70%), seguido pelo Norte (5,39%), Sudeste (5,29%), Centro-Oeste (4,47%) e Sul (3,17%).<\/p>\n<p>No entanto, o Sudeste teve a maior concentra\u00e7\u00e3o de d\u00edvidas registradas pelas empresas \u2013 43,72% do total de registros do pa\u00eds pertence a empresas da regi\u00e3o. Isso se explica pelo fato de a regi\u00e3o ter a maior participa\u00e7\u00e3o no PIB (soma de todos os bens e servi\u00e7os produzidos no pa\u00eds) brasileiro.<\/p>\n<p>Segundo o presidente da CNDL, Hon\u00f3rio Pinheiro, o abrandamento no aumento da inadimpl\u00eancia, mesmo em meio \u00e0 crise, tem motivo. \u201cH\u00e1 dois movimentos diferentes hoje no pa\u00eds. O primeiro \u00e9 a redu\u00e7\u00e3o da capacidade de pagamento das empresas, que tem a tend\u00eancia de elevar o n\u00famero de contas pendentes. O segundo \u00e9 a restri\u00e7\u00e3o ao cr\u00e9dito, que reduz o estoque de d\u00edvidas limitando o crescimento da inadimpl\u00eancia. Este segundo tem prevalecido\u201d, disse, em nota.<\/p>\n<p>Houve tamb\u00e9m aumento de 3,45% na quantidade de d\u00edvidas em atraso em nome de pessoas jur\u00eddicas, na compara\u00e7\u00e3o com janeiro de 2016. Ainda assim, o n\u00famero tamb\u00e9m est\u00e1 em patamar baixo em rela\u00e7\u00e3o \u00e0 s\u00e9rie hist\u00f3rica.<\/p>\n<p>Al\u00e9m disso, o indicador mostrou que o n\u00famero de d\u00edvidas mais recentes tem ca\u00eddo, enquanto o de d\u00edvidas antigas tem crescido. O n\u00famero de d\u00edvidas atrasadas em at\u00e9 90 dias caiu -19,94%, enquanto pend\u00eancias entre 1 e 3 anos aumentou 21,29%.<\/p>\n<p>O n\u00famero de empresas devedoras por setor indica que o segmento de servi\u00e7os (que engloba bancos e institui\u00e7\u00f5es financeiras) teve a maior alta de empresas negativadas em janeiro de 2017 na compara\u00e7\u00e3o com o mesmo per\u00edodo do ano anterior (8,00%), seguido de ind\u00fastria (4,78%) e com\u00e9rcio (4,12%).<\/p>\n<p>O indicador de inadimpl\u00eancia das empresas resume todas as informa\u00e7\u00f5es dispon\u00edveis nas bases de dados do SPC Brasil e da CNDL. As informa\u00e7\u00f5es dispon\u00edveis referem-se a capitais e cidades do interior das 27 unidades da federa\u00e7\u00e3o.<\/p>\n<p>Da Ag\u00eancia Brasil<br \/>\nEdi\u00e7\u00e3o: Maria Claudia<br \/>\n01\/03\/2017<\/p>\n","protected":false},"excerpt":{"rendered":"<p>O n\u00famero de empresas inadimplentes aumentou 5,28% em janeiro, em compara\u00e7\u00e3o com o mesmo per\u00edodo do ano passado, de acordo com o indicador divulgado pelo Servi\u00e7o de Prote\u00e7\u00e3o ao Cr\u00e9dito (SPC Brasil) e pela Confedera\u00e7\u00e3o Nacional de Dirigentes Lojistas (CNDL). O crescimento do n\u00famero de pessoas jur\u00eddicas negativadas perdeu for\u00e7a em 2016 \u2013 em janeiro [&hellip;]<\/p>\n","protected":false},"author":2,"featured_media":57582,"comment_status":"open","ping_status":"closed","sticky":false,"template":"","format":"standard","meta":{"_genesis_hide_title":false,"_genesis_hide_breadcrumbs":false,"_genesis_hide_singular_image":false,"_genesis_hide_footer_widgets":false,"_genesis_custom_body_class":"","_genesis_custom_post_class":"","_genesis_layout":"","_jetpack_memberships_contains_paid_content":false,"footnotes":""},"categories":[22,7],"tags":[],"class_list":{"0":"post-107925","1":"post","2":"type-post","3":"status-publish","4":"format-standard","5":"has-post-thumbnail","7":"category-brasil","8":"category-economia","9":"entry","10":"gs-1","11":"gs-odd","12":"gs-even","13":"gs-featured-content-entry"},"jetpack_featured_media_url":"https:\/\/www.redenoticia.com.br\/noticia\/imagens\/grafico1.jpg","jetpack_sharing_enabled":true,"jetpack_likes_enabled":true,"_links":{"self":[{"href":"https:\/\/www.redenoticia.com.br\/noticia\/wp-json\/wp\/v2\/posts\/107925","targetHints":{"allow":["GET"]}}],"collection":[{"href":"https:\/\/www.redenoticia.com.br\/noticia\/wp-json\/wp\/v2\/posts"}],"about":[{"href":"https:\/\/www.redenoticia.com.br\/noticia\/wp-json\/wp\/v2\/types\/post"}],"author":[{"embeddable":true,"href":"https:\/\/www.redenoticia.com.br\/noticia\/wp-json\/wp\/v2\/users\/2"}],"replies":[{"embeddable":true,"href":"https:\/\/www.redenoticia.com.br\/noticia\/wp-json\/wp\/v2\/comments?post=107925"}],"version-history":[{"count":0,"href":"https:\/\/www.redenoticia.com.br\/noticia\/wp-json\/wp\/v2\/posts\/107925\/revisions"}],"wp:featuredmedia":[{"embeddable":true,"href":"https:\/\/www.redenoticia.com.br\/noticia\/wp-json\/wp\/v2\/media\/57582"}],"wp:attachment":[{"href":"https:\/\/www.redenoticia.com.br\/noticia\/wp-json\/wp\/v2\/media?parent=107925"}],"wp:term":[{"taxonomy":"category","embeddable":true,"href":"https:\/\/www.redenoticia.com.br\/noticia\/wp-json\/wp\/v2\/categories?post=107925"},{"taxonomy":"post_tag","embeddable":true,"href":"https:\/\/www.redenoticia.com.br\/noticia\/wp-json\/wp\/v2\/tags?post=107925"}],"curies":[{"name":"wp","href":"https:\/\/api.w.org\/{rel}","templated":true}]}}