{"id":107923,"date":"2017-03-01T00:07:39","date_gmt":"2017-03-01T03:07:39","guid":{"rendered":"http:\/\/www.redenoticia.com.br\/noticia\/?p=107923"},"modified":"2017-02-28T18:38:56","modified_gmt":"2017-02-28T21:38:56","slug":"confianca-da-industria-recua-12-ponto-em-fevereiro","status":"publish","type":"post","link":"https:\/\/www.redenoticia.com.br\/noticia\/2017\/confianca-da-industria-recua-12-ponto-em-fevereiro\/107923","title":{"rendered":"Confian\u00e7a da ind\u00fastria recua 1,2 ponto em fevereiro"},"content":{"rendered":"<p> O <strong><em>\u00cdndice de Confian\u00e7a da Ind\u00fastria<\/em><\/strong>, medido pela Funda\u00e7\u00e3o Getulio Vargas, recuou 1,2 ponto em fevereiro, atingindo o total de 87,8 pontos. No m\u00eas anterior, o \u00edndice havia avan\u00e7ado 4,3 pontos. No trimestre, o \u00edndice subiu 0,5 ponto, totalizando 87,2 pontos. A queda da confian\u00e7a ocorreu em cinco dos 19 segmentos industriais pesquisados. Ap\u00f3s subir 4,7 pontos em janeiro, o \u00cdndice de Expectativas recuou 1,7 ponto em fevereiro, atingindo 89,3 pontos. <\/p>\n<p>A principal contribui\u00e7\u00e3o para a piora da expectativa partiu do quesito que capta as previs\u00f5es para a produ\u00e7\u00e3o nos tr\u00eas meses seguintes. O indicador caiu 2 pontos em fevereiro, atingindo 88,7 pontos, o menor n\u00edvel desde maio de 2016.<\/p>\n<p>O \u00cdndice da Situa\u00e7\u00e3o Atual recuou 0,6 ponto, chegando a 86,4 pontos. O n\u00edvel de demanda atual exerceu a maior contribui\u00e7\u00e3o para a diminui\u00e7\u00e3o desse \u00edndice. O indicador caiu 2,3 pontos em fevereiro, para 82,9 pontos. O percentual de empresas que avaliam o n\u00edvel de demanda como forte passou de 6,3% para 5,9% do total; o das que o consideram fraco aumentou de 31,3% para 38,7%.<\/p>\n<p>O N\u00edvel de Utiliza\u00e7\u00e3o da Capacidade Instalada diminuiu 0,3 ponto percentual em fevereiro, totalizando 74,3%. No trimestre, o \u00edndice subiu 0,2 ponto percentual, chegando a 73,9%.<\/p>\n<p>Para o superintendente de Estat\u00edsticas P\u00fablicas da FGV, Aloisio Campelo Junior, a queda do \u00cdndice da Confian\u00e7a em fevereiro, ap\u00f3s a alta expressiva de janeiro, mostra um movimento de acomoda\u00e7\u00e3o. Segundo Campelo, o cen\u00e1rio econ\u00f4mico traz not\u00edcias favor\u00e1veis \u00e0 atividade, como a queda de juros e a inje\u00e7\u00e3o de recursos das contas inativas do Fundo de Garantia do Tempo de Servi\u00e7o (FGTS) no mercado. Isso pode levar a uma eleva\u00e7\u00e3o da confian\u00e7a nos pr\u00f3ximos meses.<\/p>\n<p>Fernanda Cruz &#8211; Rep\u00f3rter da Ag\u00eancia Brasil<br \/>\nEdi\u00e7\u00e3o: Lidia Neves<br \/>\n01\/03\/2017<\/p>\n","protected":false},"excerpt":{"rendered":"<p>O \u00cdndice de Confian\u00e7a da Ind\u00fastria, medido pela Funda\u00e7\u00e3o Getulio Vargas, recuou 1,2 ponto em fevereiro, atingindo o total de 87,8 pontos. No m\u00eas anterior, o \u00edndice havia avan\u00e7ado 4,3 pontos. No trimestre, o \u00edndice subiu 0,5 ponto, totalizando 87,2 pontos. A queda da confian\u00e7a ocorreu em cinco dos 19 segmentos industriais pesquisados. Ap\u00f3s subir [&hellip;]<\/p>\n","protected":false},"author":2,"featured_media":57583,"comment_status":"open","ping_status":"closed","sticky":false,"template":"","format":"standard","meta":{"_genesis_hide_title":false,"_genesis_hide_breadcrumbs":false,"_genesis_hide_singular_image":false,"_genesis_hide_footer_widgets":false,"_genesis_custom_body_class":"","_genesis_custom_post_class":"","_genesis_layout":"","_jetpack_memberships_contains_paid_content":false,"footnotes":""},"categories":[22,7],"tags":[],"class_list":{"0":"post-107923","1":"post","2":"type-post","3":"status-publish","4":"format-standard","5":"has-post-thumbnail","7":"category-brasil","8":"category-economia","9":"entry","10":"gs-1","11":"gs-odd","12":"gs-even","13":"gs-featured-content-entry"},"jetpack_featured_media_url":"https:\/\/www.redenoticia.com.br\/noticia\/imagens\/economia-grafico.jpg","jetpack_sharing_enabled":true,"jetpack_likes_enabled":true,"_links":{"self":[{"href":"https:\/\/www.redenoticia.com.br\/noticia\/wp-json\/wp\/v2\/posts\/107923","targetHints":{"allow":["GET"]}}],"collection":[{"href":"https:\/\/www.redenoticia.com.br\/noticia\/wp-json\/wp\/v2\/posts"}],"about":[{"href":"https:\/\/www.redenoticia.com.br\/noticia\/wp-json\/wp\/v2\/types\/post"}],"author":[{"embeddable":true,"href":"https:\/\/www.redenoticia.com.br\/noticia\/wp-json\/wp\/v2\/users\/2"}],"replies":[{"embeddable":true,"href":"https:\/\/www.redenoticia.com.br\/noticia\/wp-json\/wp\/v2\/comments?post=107923"}],"version-history":[{"count":0,"href":"https:\/\/www.redenoticia.com.br\/noticia\/wp-json\/wp\/v2\/posts\/107923\/revisions"}],"wp:featuredmedia":[{"embeddable":true,"href":"https:\/\/www.redenoticia.com.br\/noticia\/wp-json\/wp\/v2\/media\/57583"}],"wp:attachment":[{"href":"https:\/\/www.redenoticia.com.br\/noticia\/wp-json\/wp\/v2\/media?parent=107923"}],"wp:term":[{"taxonomy":"category","embeddable":true,"href":"https:\/\/www.redenoticia.com.br\/noticia\/wp-json\/wp\/v2\/categories?post=107923"},{"taxonomy":"post_tag","embeddable":true,"href":"https:\/\/www.redenoticia.com.br\/noticia\/wp-json\/wp\/v2\/tags?post=107923"}],"curies":[{"name":"wp","href":"https:\/\/api.w.org\/{rel}","templated":true}]}}