{"id":107921,"date":"2017-03-01T00:05:18","date_gmt":"2017-03-01T03:05:18","guid":{"rendered":"http:\/\/www.redenoticia.com.br\/noticia\/?p=107921"},"modified":"2017-02-28T18:37:34","modified_gmt":"2017-02-28T21:37:34","slug":"com-taxa-de-126-pais-tem-quase-13-milhoes-de-desempregados","status":"publish","type":"post","link":"https:\/\/www.redenoticia.com.br\/noticia\/2017\/com-taxa-de-126-pais-tem-quase-13-milhoes-de-desempregados\/107921","title":{"rendered":"Com taxa de 12,6%, pa\u00eds tem quase 13 milh\u00f5es de desempregados"},"content":{"rendered":"<p> A taxa de desocupados continua em alta e fechou o trimestre encerrado em janeiro em 12,6%, um crescimento de 0,8 ponto percentual em rela\u00e7\u00e3o ao per\u00edodo de agosto a outubro do ano passado, quando estava em 11,8%. Com a alta do \u00faltimo trimestre, o pa\u00eds registra 12,9 milh\u00f5es de desempregados. Os dados, divulgados pelo Instituto Brasileiro de Geografia e Estat\u00edstica (IBGE), fazem parte da Pesquisa Nacional por Amostra de Domic\u00edlios (Pnad) Cont\u00ednua. Esta \u00e9 a maior <strong><em>taxa de desemprego<\/em><\/strong> da s\u00e9rie hist\u00f3rica iniciada em 2012 e tamb\u00e9m o maior n\u00famero de desempregados da hist\u00f3ria.<\/p>\n<p>Segundo o IBGE, com a alta do \u00faltimo trimestre, a popula\u00e7\u00e3o desocupada cresceu 7,3% (o equivalente a mais 879 mil pessoas) em rela\u00e7\u00e3o ao trimestre de agosto a outubro de 2016. Quando comparada ao mesmo trimestre do ano passado, a alta do desemprego no trimestre encerrado em janeiro chegou a 34,3%, o equivalente a mais 3,3 milh\u00f5es de pessoas desocupadas.<\/p>\n<p>Na compara\u00e7\u00e3o com o mesmo trimestre m\u00f3vel encerrado em janeiro do ano passado, quando o desemprego estava em 9,5%, a taxa cresceu 3,1 pontos percentuais. Em rela\u00e7\u00e3o \u00e0 popula\u00e7\u00e3o ocupada, atualmente de 89,9 milh\u00f5es de pessoas, houve estabilidade na compara\u00e7\u00e3o com o trimestre de agosto a outubro de 2016.<\/p>\n<p>Em rela\u00e7\u00e3o ao mesmo trimestre do ano anterior, quando o total de ocupados era de 91,6 milh\u00f5es de pessoas, houve decl\u00ednio de 1,9% na taxa de desocupa\u00e7\u00e3o \u2013 ou menos 1,7 milh\u00e3o de pessoas empregadas.<\/p>\n<p>Carteira assinada<\/p>\n<p>Os dados da Pnad Cont\u00ednua indicam que o contingente de pessoas ocupadas foi estimado em aproximadamente 89,9 milh\u00f5es no trimestre de novembro do ano passado a janeiro deste ano, dos quais 33,9 milh\u00f5es eram empregados no setor privado com carteira de trabalho assinada.<\/p>\n<p>Esse n\u00famero ficou est\u00e1vel em rela\u00e7\u00e3o ao trimestre de agosto a outubro, mas, em um ano, o n\u00famero de trabalhadores com carteira assinada caiu 3,7%, o equivalente a 1,3 milh\u00e3o de pessoas &#8211; quando a compara\u00e7\u00e3o se d\u00e1 com o trimestres encerrado em janeiro do ano passado.<\/p>\n<p>A categoria dos empregados no setor privado sem carteira assinada fechou o \u00faltimo trimestre em 10,4 milh\u00f5es de pessoas, com estabilidade em rela\u00e7\u00e3o ao trimestre de agosto a outubro do ano passado. Em rela\u00e7\u00e3o ao mesmo per\u00edodo do ano anterior, houve crescimento de 6,4%, um aumento de 626 mil pessoas.<\/p>\n<p>A categoria que trabalha por conta pr\u00f3pria cresceu 2,1% frente ao trimestre de agosto a outubro, atingindo 22,2 milh\u00f5es de pessoas, mais 450 mil pessoas. Em compara\u00e7\u00e3o ao mesmo per\u00edodo do ano anterior, no entanto, houve queda de 3,9%, ou seja, menos 902 mil pessoas.<\/p>\n<p>Por outro lado, o contingente de empregadores, estimado em 4,2 milh\u00f5es de pessoas, apresentou estabilidade frente ao trimestre imediatamente anterior, com eleva\u00e7\u00e3o de 8,6% (mais 333 mil pessoas).<\/p>\n<p>Os dados do IBGE mostram ainda que a categoria de trabalhadores dom\u00e9sticos, estimada em 6,1 milh\u00f5es de pessoas, manteve-se est\u00e1vel tanto em rela\u00e7\u00e3o ao trimestre de agosto a outubro de 2016 quanto ao de novembro de 2015 a janeiro de 2016.<\/p>\n<p>Rendimento m\u00e9dio<\/p>\n<p>Apesar da alta taxa de desemprego no pa\u00eds, o rendimento m\u00e9dio real habitualmente recebido pelo trabalhador vem se mantendo est\u00e1vel, tanto em rela\u00e7\u00e3o ao trimestre de agosto a outubro do ano passado (R$ 2.056), quanto em rela\u00e7\u00e3o ao mesmo trimestre do ano passado (R$ 2.047).<\/p>\n<p>Nielmar de Oliveira &#8211; Rep\u00f3rter da Ag\u00eancia Brasil<br \/>\nEdi\u00e7\u00e3o: Gra\u00e7a Adjuto<br \/>\n01\/03\/2017<\/p>\n","protected":false},"excerpt":{"rendered":"<p>A taxa de desocupados continua em alta e fechou o trimestre encerrado em janeiro em 12,6%, um crescimento de 0,8 ponto percentual em rela\u00e7\u00e3o ao per\u00edodo de agosto a outubro do ano passado, quando estava em 11,8%. Com a alta do \u00faltimo trimestre, o pa\u00eds registra 12,9 milh\u00f5es de desempregados. Os dados, divulgados pelo Instituto [&hellip;]<\/p>\n","protected":false},"author":2,"featured_media":57585,"comment_status":"open","ping_status":"closed","sticky":false,"template":"","format":"standard","meta":{"_genesis_hide_title":false,"_genesis_hide_breadcrumbs":false,"_genesis_hide_singular_image":false,"_genesis_hide_footer_widgets":false,"_genesis_custom_body_class":"","_genesis_custom_post_class":"","_genesis_layout":"","_jetpack_memberships_contains_paid_content":false,"footnotes":""},"categories":[22,7],"tags":[],"class_list":{"0":"post-107921","1":"post","2":"type-post","3":"status-publish","4":"format-standard","5":"has-post-thumbnail","7":"category-brasil","8":"category-economia","9":"entry","10":"gs-1","11":"gs-odd","12":"gs-even","13":"gs-featured-content-entry"},"jetpack_featured_media_url":"https:\/\/www.redenoticia.com.br\/noticia\/imagens\/analise-economia.jpg","jetpack_sharing_enabled":true,"jetpack_likes_enabled":true,"_links":{"self":[{"href":"https:\/\/www.redenoticia.com.br\/noticia\/wp-json\/wp\/v2\/posts\/107921","targetHints":{"allow":["GET"]}}],"collection":[{"href":"https:\/\/www.redenoticia.com.br\/noticia\/wp-json\/wp\/v2\/posts"}],"about":[{"href":"https:\/\/www.redenoticia.com.br\/noticia\/wp-json\/wp\/v2\/types\/post"}],"author":[{"embeddable":true,"href":"https:\/\/www.redenoticia.com.br\/noticia\/wp-json\/wp\/v2\/users\/2"}],"replies":[{"embeddable":true,"href":"https:\/\/www.redenoticia.com.br\/noticia\/wp-json\/wp\/v2\/comments?post=107921"}],"version-history":[{"count":0,"href":"https:\/\/www.redenoticia.com.br\/noticia\/wp-json\/wp\/v2\/posts\/107921\/revisions"}],"wp:featuredmedia":[{"embeddable":true,"href":"https:\/\/www.redenoticia.com.br\/noticia\/wp-json\/wp\/v2\/media\/57585"}],"wp:attachment":[{"href":"https:\/\/www.redenoticia.com.br\/noticia\/wp-json\/wp\/v2\/media?parent=107921"}],"wp:term":[{"taxonomy":"category","embeddable":true,"href":"https:\/\/www.redenoticia.com.br\/noticia\/wp-json\/wp\/v2\/categories?post=107921"},{"taxonomy":"post_tag","embeddable":true,"href":"https:\/\/www.redenoticia.com.br\/noticia\/wp-json\/wp\/v2\/tags?post=107921"}],"curies":[{"name":"wp","href":"https:\/\/api.w.org\/{rel}","templated":true}]}}