{"id":10782,"date":"2009-09-05T11:27:19","date_gmt":"2009-09-05T15:27:19","guid":{"rendered":"http:\/\/www.redenoticia.com.br\/noticia\/?p=10782"},"modified":"2009-09-05T11:55:22","modified_gmt":"2009-09-05T15:55:22","slug":"climatempo-neste-sabado-de-feriado-indica-mudanca-no-tempo-no-sudeste-e-centro-oeste","status":"publish","type":"post","link":"https:\/\/www.redenoticia.com.br\/noticia\/2009\/climatempo-neste-sabado-de-feriado-indica-mudanca-no-tempo-no-sudeste-e-centro-oeste\/10782","title":{"rendered":"Climatempo neste s\u00e1bado de feriado indica mudan\u00e7a no tempo no Sudeste e Centro-Oeste"},"content":{"rendered":"<p><strong><a href=\"https:\/\/www.redenoticia.com.br\/noticia\/imagens\/\/climatempo.jpg\"><img loading=\"lazy\" decoding=\"async\" class=\"alignleft size-full wp-image-10683\" title=\"climatempo\" src=\"https:\/\/www.redenoticia.com.br\/noticia\/imagens\/\/climatempo.jpg\" alt=\"climatempo\" width=\"150\" height=\"113\" srcset=\"https:\/\/www.redenoticia.com.br\/noticia\/imagens\/climatempo.jpg 150w, https:\/\/www.redenoticia.com.br\/noticia\/imagens\/climatempo-148x112.jpg 148w\" sizes=\"auto, (max-width: 150px) 100vw, 150px\" \/><\/a>Climatempo<\/strong> divulgou neste <strong>s\u00e1bado <\/strong>(05\/09), que antecede o <strong>feriado<\/strong> da Independ\u00eancia, que uma grande mudan\u00e7a no tempo ocorreu no Sudeste e no Centro-Oeste do Brasil, por conta da frente fria que avan\u00e7ou sobre estas regi\u00f5es. As imagens de sat\u00e9lite mostram claramente a transforma\u00e7\u00e3o das condi\u00e7\u00f5es do tempo.\u00a0Toda a nebulosidade que se est\u00e1 espalhada sobre os Estados destas Regi\u00f5es est\u00e1 associada com a frente fria que est\u00e1 no oceano, ao largo do litoral do Rio de Janeiro. A frente fria afastou a massa de ar seco que agora est\u00e1 concentrada sobre o Norte e o Nordeste do Brasil.<\/p>\n<p>\u00a0A \u201clinha de bloqueio\u201d do ar seco nesta manh\u00e3 de s\u00e1bado est\u00e1 no\u00a0 extremo norte de Minas Gerais, na divisa com a Bahia, que ainda estava com poucas nuvens.\u00a0 O ar seco sobre o Norte e o Nordeste inibe a forma\u00e7\u00e3o de nuvens nas duas Regi\u00f5es no decorrer deste s\u00e1bado. Assim, apesar do calor intenso, pouqu\u00edssima chuva \u00e9 esperada nestas Regi\u00f5es. Segundo a Climatempo \u00e9 poss\u00edvel que ocorram at\u00e9 novos recordes de calor.<\/p>\n<p>Pouca chuva\u00a0 era observada no come\u00e7o da manh\u00e3 deste s\u00e1bado no Sudeste e no Centro-Oeste. Mas toda a massa de nebulosidade\u00a0se intensifica com o aquecimento do ar ao longo do dia.\u00a0Dados Climatempo indicam que no per\u00edodo da tarde, as nuvens v\u00e3o ficar mais carregadas favorecendo a ocorr\u00eancia de muitas pancadas de chuva at\u00e9 a noite, at\u00e9 com raios e trovoadas.<\/p>\n<p>N\u00e3o houve a entrada de muito ar frio polar sobre estas Regi\u00f5es. A queda da temperatura ocorreu muito mais pelo aumento de nuvens e pela chuva, do que pela presen\u00e7a do ar polar. O frio polar que veio com a frente fria passa pelo extremo sul do Brasil e segue para ao mar at\u00e9 amanh\u00e3.<\/p>\n<p>Sobre o Grupo <strong>Climatempo<\/strong> \u2013 O Grupo Climatempo \u00e9 a maior empresa privada de meteorologia do pa\u00eds. Uma holding formada pela Climatempo Consultoria, Ag\u00eancia Climatempo, a TV Climatempo e a CLIMANET (Internet, servi\u00e7os de tecnologia e inform\u00e1tica). Atualmente, o Grupo Climatempo fornece conte\u00fado para os principais portais do pa\u00eds, mais de 50 retransmissoras de televis\u00e3o do Brasil, r\u00e1dios e tem cerca de mil clientes. Os dois principais segmentos atendidos s\u00e3o o de agroneg\u00f3cios e meios de comunica\u00e7\u00e3o. Al\u00e9m destes, fornece conte\u00fado meteorol\u00f3gico estrat\u00e9gico para produtoras, a ind\u00fastria eletroeletr\u00f4nica e t\u00eaxtil, com\u00e9rcio, moda e turismo, constru\u00e7\u00e3o civil, setor de energia, entre outros setores.<\/p>\n","protected":false},"excerpt":{"rendered":"<p>Climatempo divulgou neste s\u00e1bado (05\/09), que antecede o feriado da Independ\u00eancia, que uma grande mudan\u00e7a no tempo ocorreu no Sudeste e no Centro-Oeste do Brasil, por conta da frente fria que avan\u00e7ou sobre estas regi\u00f5es. As imagens de sat\u00e9lite mostram claramente a transforma\u00e7\u00e3o das condi\u00e7\u00f5es do tempo.\u00a0Toda a nebulosidade que se est\u00e1 espalhada sobre os [&hellip;]<\/p>\n","protected":false},"author":3,"featured_media":0,"comment_status":"open","ping_status":"open","sticky":false,"template":"","format":"standard","meta":{"_genesis_hide_title":false,"_genesis_hide_breadcrumbs":false,"_genesis_hide_singular_image":false,"_genesis_hide_footer_widgets":false,"_genesis_custom_body_class":"","_genesis_custom_post_class":"","_genesis_layout":"","_jetpack_memberships_contains_paid_content":false,"footnotes":""},"categories":[22,327],"tags":[],"class_list":{"0":"post-10782","1":"post","2":"type-post","3":"status-publish","4":"format-standard","6":"category-brasil","7":"category-clima","8":"entry","9":"gs-1","10":"gs-odd","11":"gs-even","12":"gs-featured-content-entry"},"jetpack_featured_media_url":"","jetpack_sharing_enabled":true,"jetpack_likes_enabled":true,"_links":{"self":[{"href":"https:\/\/www.redenoticia.com.br\/noticia\/wp-json\/wp\/v2\/posts\/10782","targetHints":{"allow":["GET"]}}],"collection":[{"href":"https:\/\/www.redenoticia.com.br\/noticia\/wp-json\/wp\/v2\/posts"}],"about":[{"href":"https:\/\/www.redenoticia.com.br\/noticia\/wp-json\/wp\/v2\/types\/post"}],"author":[{"embeddable":true,"href":"https:\/\/www.redenoticia.com.br\/noticia\/wp-json\/wp\/v2\/users\/3"}],"replies":[{"embeddable":true,"href":"https:\/\/www.redenoticia.com.br\/noticia\/wp-json\/wp\/v2\/comments?post=10782"}],"version-history":[{"count":0,"href":"https:\/\/www.redenoticia.com.br\/noticia\/wp-json\/wp\/v2\/posts\/10782\/revisions"}],"wp:attachment":[{"href":"https:\/\/www.redenoticia.com.br\/noticia\/wp-json\/wp\/v2\/media?parent=10782"}],"wp:term":[{"taxonomy":"category","embeddable":true,"href":"https:\/\/www.redenoticia.com.br\/noticia\/wp-json\/wp\/v2\/categories?post=10782"},{"taxonomy":"post_tag","embeddable":true,"href":"https:\/\/www.redenoticia.com.br\/noticia\/wp-json\/wp\/v2\/tags?post=10782"}],"curies":[{"name":"wp","href":"https:\/\/api.w.org\/{rel}","templated":true}]}}