{"id":107641,"date":"2017-02-24T00:53:52","date_gmt":"2017-02-24T03:53:52","guid":{"rendered":"http:\/\/www.redenoticia.com.br\/noticia\/?p=107641"},"modified":"2017-02-24T00:53:52","modified_gmt":"2017-02-24T03:53:52","slug":"ipc-s-apresenta-variacao-de-04-na-ultima-semana","status":"publish","type":"post","link":"https:\/\/www.redenoticia.com.br\/noticia\/2017\/ipc-s-apresenta-variacao-de-04-na-ultima-semana\/107641","title":{"rendered":"IPC-S apresenta varia\u00e7\u00e3o de 0,4% na \u00faltima semana"},"content":{"rendered":"<p> O \u00cdndice de Pre\u00e7os ao Consumidor Semanal (<strong><em>IPC-S<\/em><\/strong>), calculado pela Funda\u00e7\u00e3o Getulio Vargas, apresentou varia\u00e7\u00e3o de 0,4% na \u00faltima semana. A taxa foi 0,09 ponto percentual (p.p.) abaixo da registrada na \u00faltima divulga\u00e7\u00e3o.<\/p>\n<p>Quatro das oito classes de despesa que comp\u00f5em o \u00edndice tiveram queda. A maior contribui\u00e7\u00e3o partiu do grupo educa\u00e7\u00e3o, leitura e recrea\u00e7\u00e3o, que passou de 2,5% para 1,81%, com destaque para o item cursos formais, com a taxa passando de 4,21% para 2,34%.<\/p>\n<p>Tamb\u00e9m houve queda nas taxas dos grupos alimenta\u00e7\u00e3o, ao passar de -0,01% para -0,13%, transportes, que passou de 0,75% para 0,65% e comunica\u00e7\u00e3o que saiu dos 0,35% para 0,26%. Em cada um dos grupos o destaque vai para os itens: refei\u00e7\u00f5es em bares e restaurantes (0,37% para 0,35%), tarifa de \u00f4nibus urbano (2,34% para 1,78%) e tarifa de telefone m\u00f3vel (0,82% para 0,51%).<\/p>\n<p>No sentido contr\u00e1rio, apresentando acr\u00e9scimo em suas taxas de varia\u00e7\u00e3o, aparecem os grupos habita\u00e7\u00e3o (0,39% para 0,43%), sa\u00fade e cuidados pessoais (0,41% para 0,44%), vestu\u00e1rio (-0,04% para 0,02%) e despesas diversas (0,25% para 0,35%). Nestas classes de despesa, as maiores contribui\u00e7\u00f5es partiram dos itens: tarifa de eletricidade residencial (-0,11% para 0,09%), medicamentos em geral (-0,13% para 0,08%), roupas (-0,38% para -0,05%) e cart\u00e3o de telefone (0,09% para 1,29%), respectivamente.<\/p>\n<p>Fl\u00e1via Albuquerque \u2013 Rep\u00f3rter da Ag\u00eancia Brasil<br \/>\nEdi\u00e7\u00e3o: L\u00edlian Beraldo<br \/>\n24\/02\/2017<\/p>\n","protected":false},"excerpt":{"rendered":"<p>O \u00cdndice de Pre\u00e7os ao Consumidor Semanal (IPC-S), calculado pela Funda\u00e7\u00e3o Getulio Vargas, apresentou varia\u00e7\u00e3o de 0,4% na \u00faltima semana. A taxa foi 0,09 ponto percentual (p.p.) abaixo da registrada na \u00faltima divulga\u00e7\u00e3o. Quatro das oito classes de despesa que comp\u00f5em o \u00edndice tiveram queda. A maior contribui\u00e7\u00e3o partiu do grupo educa\u00e7\u00e3o, leitura e recrea\u00e7\u00e3o, [&hellip;]<\/p>\n","protected":false},"author":2,"featured_media":57585,"comment_status":"open","ping_status":"closed","sticky":false,"template":"","format":"standard","meta":{"_genesis_hide_title":false,"_genesis_hide_breadcrumbs":false,"_genesis_hide_singular_image":false,"_genesis_hide_footer_widgets":false,"_genesis_custom_body_class":"","_genesis_custom_post_class":"","_genesis_layout":"","_jetpack_memberships_contains_paid_content":false,"footnotes":""},"categories":[22,7],"tags":[],"class_list":{"0":"post-107641","1":"post","2":"type-post","3":"status-publish","4":"format-standard","5":"has-post-thumbnail","7":"category-brasil","8":"category-economia","9":"entry","10":"gs-1","11":"gs-odd","12":"gs-even","13":"gs-featured-content-entry"},"jetpack_featured_media_url":"https:\/\/www.redenoticia.com.br\/noticia\/imagens\/analise-economia.jpg","jetpack_sharing_enabled":true,"jetpack_likes_enabled":true,"_links":{"self":[{"href":"https:\/\/www.redenoticia.com.br\/noticia\/wp-json\/wp\/v2\/posts\/107641","targetHints":{"allow":["GET"]}}],"collection":[{"href":"https:\/\/www.redenoticia.com.br\/noticia\/wp-json\/wp\/v2\/posts"}],"about":[{"href":"https:\/\/www.redenoticia.com.br\/noticia\/wp-json\/wp\/v2\/types\/post"}],"author":[{"embeddable":true,"href":"https:\/\/www.redenoticia.com.br\/noticia\/wp-json\/wp\/v2\/users\/2"}],"replies":[{"embeddable":true,"href":"https:\/\/www.redenoticia.com.br\/noticia\/wp-json\/wp\/v2\/comments?post=107641"}],"version-history":[{"count":0,"href":"https:\/\/www.redenoticia.com.br\/noticia\/wp-json\/wp\/v2\/posts\/107641\/revisions"}],"wp:featuredmedia":[{"embeddable":true,"href":"https:\/\/www.redenoticia.com.br\/noticia\/wp-json\/wp\/v2\/media\/57585"}],"wp:attachment":[{"href":"https:\/\/www.redenoticia.com.br\/noticia\/wp-json\/wp\/v2\/media?parent=107641"}],"wp:term":[{"taxonomy":"category","embeddable":true,"href":"https:\/\/www.redenoticia.com.br\/noticia\/wp-json\/wp\/v2\/categories?post=107641"},{"taxonomy":"post_tag","embeddable":true,"href":"https:\/\/www.redenoticia.com.br\/noticia\/wp-json\/wp\/v2\/tags?post=107641"}],"curies":[{"name":"wp","href":"https:\/\/api.w.org\/{rel}","templated":true}]}}