{"id":107639,"date":"2017-02-24T00:52:53","date_gmt":"2017-02-24T03:52:53","guid":{"rendered":"http:\/\/www.redenoticia.com.br\/noticia\/?p=107639"},"modified":"2017-02-24T00:52:53","modified_gmt":"2017-02-24T03:52:53","slug":"correcao-da-tabela-do-imposto-de-renda-sera-definida-em-marco","status":"publish","type":"post","link":"https:\/\/www.redenoticia.com.br\/noticia\/2017\/correcao-da-tabela-do-imposto-de-renda-sera-definida-em-marco\/107639","title":{"rendered":"Corre\u00e7\u00e3o da tabela do Imposto de Renda ser\u00e1 definida em mar\u00e7o"},"content":{"rendered":"<p> A corre\u00e7\u00e3o de 5% na tabela do <strong><em>Imposto de Renda Pessoa F\u00edsica<\/em><\/strong> s\u00f3 ser\u00e1 definida no fim de mar\u00e7o, na divulga\u00e7\u00e3o da programa\u00e7\u00e3o or\u00e7ament\u00e1ria de 2017, disse a secret\u00e1ria do Tesouro Nacional, Ana Paula Vescovi. Inicialmente, a secret\u00e1ria do Tesouro tinha informado que o Or\u00e7amento deste ano reservava recursos para a corre\u00e7\u00e3o de 5% da tabela do Imposto de Renda. Por volta das 18h20, no entanto, o Minist\u00e9rio da Fazenda enviou um esclarecimento de que a medida n\u00e3o consta da pe\u00e7a.<\/p>\n<p>Em 22 de mar\u00e7o, o Planejamento divulgar\u00e1 o primeiro Relat\u00f3rio Bimestral de Receitas e Despesas, com a defini\u00e7\u00e3o dos recursos a serem contingenciados (bloqueados) para o cumprimento da meta de d\u00e9ficit prim\u00e1rio de R$ 139 bilh\u00f5es para o Governo Central (Tesouro Nacional, Previd\u00eancia Social e Banco Central). O volume de despesas discricion\u00e1rias (n\u00e3o obrigat\u00f3rias) a ser contingenciado \u00e9 definido com base na estimativa de receitas e nos par\u00e2metros da economia.<\/p>\n<p>Oficialmente, o Or\u00e7amento ainda prev\u00ea crescimento de 1,3% para o Produto Interno Bruto (PIB, soma dos bens e dos servi\u00e7os produzidos no pa\u00eds) em 2017. As institui\u00e7\u00f5es financeiras, no entanto, preveem expans\u00e3o de apenas 0,48%, de acordo com a edi\u00e7\u00e3o mais recente do boletim Focus, pesquisa semanal com institui\u00e7\u00f5es financeiras divulgada pelo Banco Central.<\/p>\n<p>Um crescimento do PIB menor que o previsto poder\u00e1 fazer o governo depender de outras fontes de receitas para cumprir a meta de d\u00e9ficit prim\u00e1rio, como um novo programa de regulariza\u00e7\u00e3o de ativos no exterior (conhecido como repatria\u00e7\u00e3o) e o programa de renegocia\u00e7\u00e3o de d\u00edvidas com a Uni\u00e3o.<\/p>\n<p> O super\u00e1vit de R$ 18,968 bilh\u00f5es em janeiro \u2013 o terceiro melhor da hist\u00f3ria para o m\u00eas \u2013 foi obtido gra\u00e7as \u00e0 queda das despesas (13,2% em valores corrigidos pela infla\u00e7\u00e3o) em ritmo maior que a queda das receitas (9,1% em valores corrigidos pela infla\u00e7\u00e3o). Os investimentos contribu\u00edram significativamente para o esfor\u00e7o fiscal, com redu\u00e7\u00e3o de 79,3% em rela\u00e7\u00e3o a janeiro do ano passado.<\/p>\n<p>De acordo com a secret\u00e1ria do Tesouro, a queda significativa dos investimentos decorre da redu\u00e7\u00e3o de restos a pagar (verbas de anos anteriores que ficam para os exerc\u00edcios seguintes).<\/p>\n<p>Tradicionalmente, o Tesouro deixava um volume significativo de despesas a serem executadas no in\u00edcio do ano seguinte, mas, no ano passado, a equipe econ\u00f4mica aproveitou a entrada de recursos da repatria\u00e7\u00e3o para diminuir o volume de restos a pagar, o que reduziu a execu\u00e7\u00e3o de despesas n\u00e3o obrigat\u00f3rias em janeiro.<\/p>\n<p>\u201cAt\u00e9 recentemente, os restos a pagar eram jogados para janeiro. Com a reorganiza\u00e7\u00e3o or\u00e7ament\u00e1ria, a despesa discricion\u00e1ria diminuiu no primeiro m\u00eas do ano porque decidimos executar parte dos gastos em 2016\u201d, explicou Ana Paula Vescovi. <\/p>\n<p>Wellton M\u00e1ximo &#8211; Rep\u00f3rter da Ag\u00eancia Brasil<br \/>\nEdi\u00e7\u00e3o: Luana Louren\u00e7o<br \/>\n24\/02\/2017<\/p>\n","protected":false},"excerpt":{"rendered":"<p>A corre\u00e7\u00e3o de 5% na tabela do Imposto de Renda Pessoa F\u00edsica s\u00f3 ser\u00e1 definida no fim de mar\u00e7o, na divulga\u00e7\u00e3o da programa\u00e7\u00e3o or\u00e7ament\u00e1ria de 2017, disse a secret\u00e1ria do Tesouro Nacional, Ana Paula Vescovi. Inicialmente, a secret\u00e1ria do Tesouro tinha informado que o Or\u00e7amento deste ano reservava recursos para a corre\u00e7\u00e3o de 5% da [&hellip;]<\/p>\n","protected":false},"author":2,"featured_media":23889,"comment_status":"open","ping_status":"closed","sticky":false,"template":"","format":"standard","meta":{"_genesis_hide_title":false,"_genesis_hide_breadcrumbs":false,"_genesis_hide_singular_image":false,"_genesis_hide_footer_widgets":false,"_genesis_custom_body_class":"","_genesis_custom_post_class":"","_genesis_layout":"","_jetpack_memberships_contains_paid_content":false,"footnotes":""},"categories":[22,7],"tags":[],"class_list":{"0":"post-107639","1":"post","2":"type-post","3":"status-publish","4":"format-standard","5":"has-post-thumbnail","7":"category-brasil","8":"category-economia","9":"entry","10":"gs-1","11":"gs-odd","12":"gs-even","13":"gs-featured-content-entry"},"jetpack_featured_media_url":"https:\/\/www.redenoticia.com.br\/noticia\/imagens\/receita-federal-irpf-2010.jpg","jetpack_sharing_enabled":true,"jetpack_likes_enabled":true,"_links":{"self":[{"href":"https:\/\/www.redenoticia.com.br\/noticia\/wp-json\/wp\/v2\/posts\/107639","targetHints":{"allow":["GET"]}}],"collection":[{"href":"https:\/\/www.redenoticia.com.br\/noticia\/wp-json\/wp\/v2\/posts"}],"about":[{"href":"https:\/\/www.redenoticia.com.br\/noticia\/wp-json\/wp\/v2\/types\/post"}],"author":[{"embeddable":true,"href":"https:\/\/www.redenoticia.com.br\/noticia\/wp-json\/wp\/v2\/users\/2"}],"replies":[{"embeddable":true,"href":"https:\/\/www.redenoticia.com.br\/noticia\/wp-json\/wp\/v2\/comments?post=107639"}],"version-history":[{"count":0,"href":"https:\/\/www.redenoticia.com.br\/noticia\/wp-json\/wp\/v2\/posts\/107639\/revisions"}],"wp:featuredmedia":[{"embeddable":true,"href":"https:\/\/www.redenoticia.com.br\/noticia\/wp-json\/wp\/v2\/media\/23889"}],"wp:attachment":[{"href":"https:\/\/www.redenoticia.com.br\/noticia\/wp-json\/wp\/v2\/media?parent=107639"}],"wp:term":[{"taxonomy":"category","embeddable":true,"href":"https:\/\/www.redenoticia.com.br\/noticia\/wp-json\/wp\/v2\/categories?post=107639"},{"taxonomy":"post_tag","embeddable":true,"href":"https:\/\/www.redenoticia.com.br\/noticia\/wp-json\/wp\/v2\/tags?post=107639"}],"curies":[{"name":"wp","href":"https:\/\/api.w.org\/{rel}","templated":true}]}}