{"id":10758,"date":"2009-09-04T16:54:14","date_gmt":"2009-09-04T20:54:14","guid":{"rendered":"http:\/\/www.redenoticia.com.br\/noticia\/?p=10758"},"modified":"2009-09-04T16:54:14","modified_gmt":"2009-09-04T20:54:14","slug":"calvicie-e-sexualidade-por-dr-ademir-jr","status":"publish","type":"post","link":"https:\/\/www.redenoticia.com.br\/noticia\/2009\/calvicie-e-sexualidade-por-dr-ademir-jr\/10758","title":{"rendered":"Calv\u00edcie e sexualidade &#8211; por Dr Ademir Jr."},"content":{"rendered":"<p><strong>C<\/strong><strong>abelos<\/strong> sempre foram um adere\u00e7o utilizado por homens e mulheres com o intuito de sedu\u00e7\u00e3o. O apelo est\u00e9tico e sexual que este determina parece vir desde as \u00e9pocas mais remotas. N\u00e3o \u00e9 raro, por exemplo, vermos cartoons sobre a pr\u00e9-hist\u00f3ria associando a conquista de mulheres por homens que as puxam pelos cabelos. As grandes obras de arte, representadas pelas pinturas e esculturas dos maiores artistas da humanidade s\u00e3o capazes de ilustrar a hist\u00f3ria dos <strong>cabelos<\/strong> e os modismos e estilos de cada \u00e9poca.\u00a0<\/p>\n<p>Na atualidade, poucos s\u00e3o os gal\u00e3s de novela e cinema que ostentam sua calva sem demonstrarem qualquer desconforto. Parece mesmo que o ideal de beleza, salvo rar\u00edssimas exce\u00e7\u00f5es como Bruce Willis, Vin Diesel, Odilon Wagner, Sean Connery, \u00e9 o do homem com cabelos fartos, volumosos e bonitos.<\/p>\n<p>Marchinhas de Carnaval a parte, n\u00e3o s\u00e3o todas as mulheres que preferem os calvos, para falar a verdade, um n\u00famero menor do que 50% delas s\u00e3o as que, de cara, procuram um homem calvo por realmente gostarem deste tipo de perfil. Mulheres, como bem sabemos, olham o sexo oposto como um todo, o que aumenta a chance dos carecas que somam \u00e0s suas qualidades a intelig\u00eancia, bom humor, f\u00edsico atl\u00e9tico, sucesso pessoal, entre outras in\u00fameras qualidades.<\/p>\n<p>Por causar um dano na imagem de quem sofre com a perda capilar, a calv\u00edcie diminui a auto-estima, e isto pode ter repercuss\u00e3o importante na vida sexual dos carecas. A auto-estima baixa caracteriza inseguran\u00e7a, e com ela a perda da libido e as dificuldades para desenvolver rela\u00e7\u00f5es sexuais com qualidade.<\/p>\n<p>Muitos pacientes relatam que ap\u00f3s come\u00e7arem a ficar calvos seu apetite e pot\u00eancia sexual diminuem. Esta situa\u00e7\u00e3o, caso n\u00e3o se comprove qualquer tipo de problema metab\u00f3lico que justifique o quadro (o que \u00e9 a realidade na quase totalidade dos casos), \u00e9 decorrente do comprometimento importante que sofrem estas pessoas em sua auto-estima.<\/p>\n<p>O desenvolvimento de problemas da sexualidade, muito mais ps\u00edquicos do que f\u00edsicos, s\u00e3o resultado de ansiedade ou estados de depress\u00e3o, gerados pela perda capilar que agridem a auto-imagem e a auto-aceita\u00e7\u00e3o.<\/p>\n<p>Com o tratamento de estabiliza\u00e7\u00e3o e melhora da calv\u00edcie, a grande maioria dos pacientes recupera a auto-estima e, conseq\u00fcentemente, sua qualidade de vida sexual. Por\u00e9m, aqueles que n\u00e3o procuram tratamento, acabam se afundando ainda mais no processo de perda da sa\u00fade de sua vida sexual.<\/p>\n<p>Encontramos casos de pessoas que se aceitam calvos e assumem a calva sem o menor problema. Estes pacientes transcendem a id\u00e9ia de que ao perderem cabelos suas for\u00e7as foram minadas e continuam mantendo sua auto-estima elevada. Raramente vemos problemas relacionados \u00e0 sexualidade nestes casos.<\/p>\n<p>Ainda assim, a maioria dos pacientes que ficam <strong>calvos<\/strong> perde qualidade de vida, desenvolvendo <strong>problemas no \u00e2mbito sexual<\/strong>. Salvar os cabelos melhora al\u00e9m da auto-estima, a sa\u00fade ps\u00edquica e sexual da grande maioria dos pacientes.<\/p>\n","protected":false},"excerpt":{"rendered":"<p>Cabelos sempre foram um adere\u00e7o utilizado por homens e mulheres com o intuito de sedu\u00e7\u00e3o. O apelo est\u00e9tico e sexual que este determina parece vir desde as \u00e9pocas mais remotas. N\u00e3o \u00e9 raro, por exemplo, vermos cartoons sobre a pr\u00e9-hist\u00f3ria associando a conquista de mulheres por homens que as puxam pelos cabelos. As grandes obras [&hellip;]<\/p>\n","protected":false},"author":3,"featured_media":0,"comment_status":"open","ping_status":"open","sticky":false,"template":"","format":"standard","meta":{"_genesis_hide_title":false,"_genesis_hide_breadcrumbs":false,"_genesis_hide_singular_image":false,"_genesis_hide_footer_widgets":false,"_genesis_custom_body_class":"","_genesis_custom_post_class":"","_genesis_layout":"","_jetpack_memberships_contains_paid_content":false,"footnotes":""},"categories":[22],"tags":[],"class_list":{"0":"post-10758","1":"post","2":"type-post","3":"status-publish","4":"format-standard","6":"category-brasil","7":"entry","8":"gs-1","9":"gs-odd","10":"gs-even","11":"gs-featured-content-entry"},"jetpack_featured_media_url":"","jetpack_sharing_enabled":true,"jetpack_likes_enabled":true,"_links":{"self":[{"href":"https:\/\/www.redenoticia.com.br\/noticia\/wp-json\/wp\/v2\/posts\/10758","targetHints":{"allow":["GET"]}}],"collection":[{"href":"https:\/\/www.redenoticia.com.br\/noticia\/wp-json\/wp\/v2\/posts"}],"about":[{"href":"https:\/\/www.redenoticia.com.br\/noticia\/wp-json\/wp\/v2\/types\/post"}],"author":[{"embeddable":true,"href":"https:\/\/www.redenoticia.com.br\/noticia\/wp-json\/wp\/v2\/users\/3"}],"replies":[{"embeddable":true,"href":"https:\/\/www.redenoticia.com.br\/noticia\/wp-json\/wp\/v2\/comments?post=10758"}],"version-history":[{"count":0,"href":"https:\/\/www.redenoticia.com.br\/noticia\/wp-json\/wp\/v2\/posts\/10758\/revisions"}],"wp:attachment":[{"href":"https:\/\/www.redenoticia.com.br\/noticia\/wp-json\/wp\/v2\/media?parent=10758"}],"wp:term":[{"taxonomy":"category","embeddable":true,"href":"https:\/\/www.redenoticia.com.br\/noticia\/wp-json\/wp\/v2\/categories?post=10758"},{"taxonomy":"post_tag","embeddable":true,"href":"https:\/\/www.redenoticia.com.br\/noticia\/wp-json\/wp\/v2\/tags?post=10758"}],"curies":[{"name":"wp","href":"https:\/\/api.w.org\/{rel}","templated":true}]}}