{"id":107544,"date":"2017-02-23T01:10:06","date_gmt":"2017-02-23T04:10:06","guid":{"rendered":"http:\/\/www.redenoticia.com.br\/noticia\/?p=107544"},"modified":"2017-02-22T13:46:12","modified_gmt":"2017-02-22T16:46:12","slug":"familias-brasileiras-que-continuam-endividadas-este-ano-somam-31","status":"publish","type":"post","link":"https:\/\/www.redenoticia.com.br\/noticia\/2017\/familias-brasileiras-que-continuam-endividadas-este-ano-somam-31\/107544","title":{"rendered":"Fam\u00edlias brasileiras que continuam endividadas este ano somam 31%"},"content":{"rendered":"<p> As fam\u00edlias que mantiveram mesmo <strong><em>grau de endividamento<\/em><\/strong> neste in\u00edcio de 2017 em rela\u00e7\u00e3o ao mesmo per\u00edodo do ano passado s\u00e3o 31% do total. Em segundo lugar aparecem as fam\u00edlias que n\u00e3o se consideram endividadas (27%), seguida por menos endividados (22%) e mais endividadas (19%).<\/p>\n<p>\u00c9 o que mostra a pesquisa Pulso Brasil, encomendada pelo Departamento de Pesquisas Econ\u00f4micas (Depecon), da Federa\u00e7\u00e3o das Ind\u00fastrias do Estado de S\u00e3o Paulo (Fiesp) e Ciesp junto ao Instituto Ipsos Public Affairs, divulgada em S\u00e3o Paulo.<\/p>\n<p>A pesquisa contempla tudo o que as fam\u00edlias devem pagar no per\u00edodo apresentado, como contas dom\u00e9sticas, cheque especial e cart\u00e3o de cr\u00e9dito. A margem de erro da pesquisa \u00e9 de 3 pontos. A pesquisa teve uma mostra de 1200 entrevistados em 72 munic\u00edpios em todo o Brasil.<\/p>\n<p>O cen\u00e1rio apurado mostra-se diferente quando s\u00e3o avaliadas as classes sociais. Enquanto nas classes AB e C a maior parte das pessoas manter o mesmo endividamento em rela\u00e7\u00e3o a 2016 (32% e 33%, respectivamente), a maior parte da classe DE (33%) informou n\u00e3o possuir d\u00edvidas no in\u00edcio deste ano.<\/p>\n<p>Principais d\u00edvidas<\/p>\n<p>A pesquisa ainda revelou que a maioria dos entrevistados (66%) afirma n\u00e3o ter d\u00edvidas com bancos. Mas entre os que possuem, a maior parte (12% do total) diz que, apesar de dificuldades, consegue pagar no prazo. Os que deixam de pagar somam 7%, os que t\u00eam dificuldade para pagar mas negociam o prazo s\u00e3o 5%, e os que n\u00e3o t\u00eam sentido dificuldade para pagamento s\u00e3o 10%.<\/p>\n<p>As contas de servi\u00e7os, como luz, telefone, aluguel, mensalidade de planos de sa\u00fade, s\u00e3o as mais dif\u00edceis de serem pagas para 54% dos entrevistados, mas eles afirmam que conseguiram quit\u00e1-las no prazo. J\u00e1 32% disseram que n\u00e3o sentem dificuldade para pagar e apenas 10% declararam ter deixado de pagar. Os que t\u00eam sentido dificuldade e negociado prazo representam 4% dos entrevistados.<\/p>\n<p>Apesar do cen\u00e1rio de crise, 68% das pessoas afirmaram que n\u00e3o consideram ficar inadimplentes, mas 32% deixariam de quitar alguns compromissos. Entre os que cogitam ficar inadimplentes, 49% consideram deixar de pagar primeiro as contas de servi\u00e7os, como luz, \u00e1gua e telefone. Em seguida, 24% deixariam em aberto as parcelas com compras de eletrodom\u00e9sticos, eletr\u00f4nicos, telefonia e inform\u00e1tica. Pagamentos a bancos receberam 20% das respostas e IPTU e IPVA, 17%. J\u00e1 os pagamentos das d\u00edvidas com cart\u00e3o de cr\u00e9dito receberam apenas 2% das respostas, pr\u00f3ximo a categorias como sa\u00fade (6%) e educa\u00e7\u00e3o (2%).<\/p>\n<p>Levando em considera\u00e7\u00e3o a situa\u00e7\u00e3o financeira das pessoas, a pesquisa mostra que 48% das fam\u00edlias n\u00e3o t\u00eam nenhuma possibilidade de assumir uma nova d\u00edvida em 2017 e 25% t\u00eam menos chance. A constata\u00e7\u00e3o \u00e9 a mesma para todas as classes econ\u00f4micas ouvidas, ou seja, todos os grupos apontaram a expectativa de n\u00e3o contrair novas d\u00edvidas em 2017: AB (42%), C (44%) e DE (67%).<\/p>\n<p>Ludmilla Souza \u2013 Rep\u00f3rter da Ag\u00eancia Brasil<br \/>\nEdi\u00e7\u00e3o: Lidia Neves<br \/>\n23\/02\/2017<\/p>\n","protected":false},"excerpt":{"rendered":"<p>As fam\u00edlias que mantiveram mesmo grau de endividamento neste in\u00edcio de 2017 em rela\u00e7\u00e3o ao mesmo per\u00edodo do ano passado s\u00e3o 31% do total. Em segundo lugar aparecem as fam\u00edlias que n\u00e3o se consideram endividadas (27%), seguida por menos endividados (22%) e mais endividadas (19%). \u00c9 o que mostra a pesquisa Pulso Brasil, encomendada pelo [&hellip;]<\/p>\n","protected":false},"author":2,"featured_media":57584,"comment_status":"open","ping_status":"closed","sticky":false,"template":"","format":"standard","meta":{"_genesis_hide_title":false,"_genesis_hide_breadcrumbs":false,"_genesis_hide_singular_image":false,"_genesis_hide_footer_widgets":false,"_genesis_custom_body_class":"","_genesis_custom_post_class":"","_genesis_layout":"","_jetpack_memberships_contains_paid_content":false,"footnotes":""},"categories":[22,7],"tags":[],"class_list":{"0":"post-107544","1":"post","2":"type-post","3":"status-publish","4":"format-standard","5":"has-post-thumbnail","7":"category-brasil","8":"category-economia","9":"entry","10":"gs-1","11":"gs-odd","12":"gs-even","13":"gs-featured-content-entry"},"jetpack_featured_media_url":"https:\/\/www.redenoticia.com.br\/noticia\/imagens\/economia-grafica-analise-inflacao.jpg","jetpack_sharing_enabled":true,"jetpack_likes_enabled":true,"_links":{"self":[{"href":"https:\/\/www.redenoticia.com.br\/noticia\/wp-json\/wp\/v2\/posts\/107544","targetHints":{"allow":["GET"]}}],"collection":[{"href":"https:\/\/www.redenoticia.com.br\/noticia\/wp-json\/wp\/v2\/posts"}],"about":[{"href":"https:\/\/www.redenoticia.com.br\/noticia\/wp-json\/wp\/v2\/types\/post"}],"author":[{"embeddable":true,"href":"https:\/\/www.redenoticia.com.br\/noticia\/wp-json\/wp\/v2\/users\/2"}],"replies":[{"embeddable":true,"href":"https:\/\/www.redenoticia.com.br\/noticia\/wp-json\/wp\/v2\/comments?post=107544"}],"version-history":[{"count":0,"href":"https:\/\/www.redenoticia.com.br\/noticia\/wp-json\/wp\/v2\/posts\/107544\/revisions"}],"wp:featuredmedia":[{"embeddable":true,"href":"https:\/\/www.redenoticia.com.br\/noticia\/wp-json\/wp\/v2\/media\/57584"}],"wp:attachment":[{"href":"https:\/\/www.redenoticia.com.br\/noticia\/wp-json\/wp\/v2\/media?parent=107544"}],"wp:term":[{"taxonomy":"category","embeddable":true,"href":"https:\/\/www.redenoticia.com.br\/noticia\/wp-json\/wp\/v2\/categories?post=107544"},{"taxonomy":"post_tag","embeddable":true,"href":"https:\/\/www.redenoticia.com.br\/noticia\/wp-json\/wp\/v2\/tags?post=107544"}],"curies":[{"name":"wp","href":"https:\/\/api.w.org\/{rel}","templated":true}]}}