{"id":107542,"date":"2017-02-23T01:09:48","date_gmt":"2017-02-23T04:09:48","guid":{"rendered":"http:\/\/www.redenoticia.com.br\/noticia\/?p=107542"},"modified":"2017-02-22T13:45:00","modified_gmt":"2017-02-22T16:45:00","slug":"melhora-expectativa-dos-empresarios-da-construcao-civil-diz-cni","status":"publish","type":"post","link":"https:\/\/www.redenoticia.com.br\/noticia\/2017\/melhora-expectativa-dos-empresarios-da-construcao-civil-diz-cni\/107542","title":{"rendered":"Melhora expectativa dos empres\u00e1rios da constru\u00e7\u00e3o civil, diz CNI"},"content":{"rendered":"<p> Os empres\u00e1rios da <strong><em>constru\u00e7\u00e3o civil<\/em><\/strong> esperam, pela primeira vez desde julho de 2014, a manuten\u00e7\u00e3o do n\u00edvel de atividade para os pr\u00f3ximos seis meses, segundo pesquisa da Confedera\u00e7\u00e3o Nacional da Ind\u00fastria (CNI). Apesar de a maior parte dos indicadores permanecer abaixo de 50 pontos, o indicador de expectativa de atividade registrou, em fevereiro, \u00edndice de 50,3 pontos, um crescimento de 2,9 pontos em rela\u00e7\u00e3o a janeiro.<\/p>\n<p>Os dados da Sondagem Ind\u00fastria da Constru\u00e7\u00e3o, divulgados pela CNI, variam em uma escala que vai de zero a 100. Indicadores abaixo de 50 revelam perspectivas negativas e, acima de 50, expectativas de crescimento.<\/p>\n<p>Para a CNI, as mudan\u00e7as no programa Minha Casa, Minha Vida e a queda da taxa b\u00e1sica de juros devem contribuir para a melhora do setor.<\/p>\n<p>\u201cNo entanto, os indicadores de emprego, de compras de insumos e de novos empreendimentos permanecem abaixo da linha divis\u00f3ria, embora tenham apresentado crescimento entre janeiro e fevereiro, o que indica menor pessimismo por parte dos empres\u00e1rios\u201d, informou a confedera\u00e7\u00e3o, em nota.<\/p>\n<p>De acordo com a pesquisa da CNI, a expectativa de novos empreendimentos e servi\u00e7os aumentou 1,4 ponto em fevereiro, atingindo 48 pontos. Em rela\u00e7\u00e3o \u00e0s perspectivas de compras de insumos e mat\u00e9rias-primas e ao n\u00famero de empregados, os indicadores subiram 3,0 e 1,4 pontos em fevereiro, na compara\u00e7\u00e3o com o m\u00eas anterior, e acumulam alta de 6,1 e 4,5 pontos no ano.<\/p>\n<p>Houve, entretanto, uma leve queda na inten\u00e7\u00e3o de investimento em raz\u00e3o da alta ociosidade da ind\u00fastria da constru\u00e7\u00e3o e do n\u00edvel de atividade ainda considerado baixo. O \u00edndice recuou de 27,7 pontos, em janeiro, para 26,8 pontos, em fevereiro.<\/p>\n<p>O levantamento foi feito entre 1\u00ba e 13 de fevereiro com 615 empresas de pequeno, m\u00e9dio e grande porte. Os dados completos da Sondagem Ind\u00fastria da Constru\u00e7\u00e3o est\u00e3o dispon\u00edveis na p\u00e1gina da CNI.<\/p>\n<p>Andreia Verd\u00e9lio \u2013 Rep\u00f3rter da Ag\u00eancia Brasil<br \/>\nEdi\u00e7\u00e3o: Maria Claudia<br \/>\n23\/02\/2017<\/p>\n","protected":false},"excerpt":{"rendered":"<p>Os empres\u00e1rios da constru\u00e7\u00e3o civil esperam, pela primeira vez desde julho de 2014, a manuten\u00e7\u00e3o do n\u00edvel de atividade para os pr\u00f3ximos seis meses, segundo pesquisa da Confedera\u00e7\u00e3o Nacional da Ind\u00fastria (CNI). Apesar de a maior parte dos indicadores permanecer abaixo de 50 pontos, o indicador de expectativa de atividade registrou, em fevereiro, \u00edndice de [&hellip;]<\/p>\n","protected":false},"author":2,"featured_media":57585,"comment_status":"open","ping_status":"closed","sticky":false,"template":"","format":"standard","meta":{"_genesis_hide_title":false,"_genesis_hide_breadcrumbs":false,"_genesis_hide_singular_image":false,"_genesis_hide_footer_widgets":false,"_genesis_custom_body_class":"","_genesis_custom_post_class":"","_genesis_layout":"","_jetpack_memberships_contains_paid_content":false,"footnotes":""},"categories":[22,7],"tags":[],"class_list":{"0":"post-107542","1":"post","2":"type-post","3":"status-publish","4":"format-standard","5":"has-post-thumbnail","7":"category-brasil","8":"category-economia","9":"entry","10":"gs-1","11":"gs-odd","12":"gs-even","13":"gs-featured-content-entry"},"jetpack_featured_media_url":"https:\/\/www.redenoticia.com.br\/noticia\/imagens\/analise-economia.jpg","jetpack_sharing_enabled":true,"jetpack_likes_enabled":true,"_links":{"self":[{"href":"https:\/\/www.redenoticia.com.br\/noticia\/wp-json\/wp\/v2\/posts\/107542","targetHints":{"allow":["GET"]}}],"collection":[{"href":"https:\/\/www.redenoticia.com.br\/noticia\/wp-json\/wp\/v2\/posts"}],"about":[{"href":"https:\/\/www.redenoticia.com.br\/noticia\/wp-json\/wp\/v2\/types\/post"}],"author":[{"embeddable":true,"href":"https:\/\/www.redenoticia.com.br\/noticia\/wp-json\/wp\/v2\/users\/2"}],"replies":[{"embeddable":true,"href":"https:\/\/www.redenoticia.com.br\/noticia\/wp-json\/wp\/v2\/comments?post=107542"}],"version-history":[{"count":0,"href":"https:\/\/www.redenoticia.com.br\/noticia\/wp-json\/wp\/v2\/posts\/107542\/revisions"}],"wp:featuredmedia":[{"embeddable":true,"href":"https:\/\/www.redenoticia.com.br\/noticia\/wp-json\/wp\/v2\/media\/57585"}],"wp:attachment":[{"href":"https:\/\/www.redenoticia.com.br\/noticia\/wp-json\/wp\/v2\/media?parent=107542"}],"wp:term":[{"taxonomy":"category","embeddable":true,"href":"https:\/\/www.redenoticia.com.br\/noticia\/wp-json\/wp\/v2\/categories?post=107542"},{"taxonomy":"post_tag","embeddable":true,"href":"https:\/\/www.redenoticia.com.br\/noticia\/wp-json\/wp\/v2\/tags?post=107542"}],"curies":[{"name":"wp","href":"https:\/\/api.w.org\/{rel}","templated":true}]}}