{"id":107540,"date":"2017-02-23T01:08:39","date_gmt":"2017-02-23T04:08:39","guid":{"rendered":"http:\/\/www.redenoticia.com.br\/noticia\/?p=107540"},"modified":"2017-02-22T13:42:41","modified_gmt":"2017-02-22T16:42:41","slug":"receita-espera-receber-283-milhoes-de-declaracoes-do-imposto-de-renda-este-ano","status":"publish","type":"post","link":"https:\/\/www.redenoticia.com.br\/noticia\/2017\/receita-espera-receber-283-milhoes-de-declaracoes-do-imposto-de-renda-este-ano\/107540","title":{"rendered":"Receita espera receber 28,3 milh\u00f5es de declara\u00e7\u00f5es do Imposto de Renda este ano"},"content":{"rendered":"<p> A Receita Federal esperar receber, este ano, 28,3 milh\u00f5es de declara\u00e7\u00f5es do <strong><em>Imposto de Renda<\/em><\/strong> Pessoa F\u00edsica, n\u00famero 1,2% acima do recebido no ano passado (27,96 milh\u00f5es).<\/p>\n<p> O envio da declara\u00e7\u00e3o ser\u00e1 liberado a partir das 8h do dia 2 de mar\u00e7o. O prazo vai at\u00e9 \u00e0s 23h59m59s (hor\u00e1rio de Bras\u00edlia) do dia 28 de abril.<\/p>\n<p>Depois desse prazo, o contribuinte estar\u00e1 sujeito a multa de 1% ao m\u00eas sobre o imposto devido. O valor m\u00ednimo da multa \u00e9 R$ 165,74, e o valor m\u00e1ximo corresponde a 20% sobre o imposto devido.<\/p>\n<p>No caso do contribuinte com direito a restitui\u00e7\u00e3o, a multa ser\u00e1 deduzida do valor a ser restitu\u00eddo. A multa m\u00ednima tamb\u00e9m ser\u00e1 aplicada no caso das declara\u00e7\u00f5es que n\u00e3o resultem em imposto devido.<\/p>\n<p>Segundo o supervisor do Imposto de Renda da Receita Federal, Joaquim Adir, no ano passado 600 mil contribuintes entregaram a declara\u00e7\u00e3o com atraso, entre maio e dezembro. A Receita tamb\u00e9m recebeu 1,8 milh\u00e3o de declara\u00e7\u00f5es retificadoras.<\/p>\n<p>Kelly Oliveira \u2013 Rep\u00f3rter da Ag\u00eancia Brasil<br \/>\nEdi\u00e7\u00e3o: N\u00e1dia Franco<br \/>\n23\/02\/2017<\/p>\n","protected":false},"excerpt":{"rendered":"<p>A Receita Federal esperar receber, este ano, 28,3 milh\u00f5es de declara\u00e7\u00f5es do Imposto de Renda Pessoa F\u00edsica, n\u00famero 1,2% acima do recebido no ano passado (27,96 milh\u00f5es). O envio da declara\u00e7\u00e3o ser\u00e1 liberado a partir das 8h do dia 2 de mar\u00e7o. O prazo vai at\u00e9 \u00e0s 23h59m59s (hor\u00e1rio de Bras\u00edlia) do dia 28 de [&hellip;]<\/p>\n","protected":false},"author":2,"featured_media":23889,"comment_status":"open","ping_status":"closed","sticky":false,"template":"","format":"standard","meta":{"_genesis_hide_title":false,"_genesis_hide_breadcrumbs":false,"_genesis_hide_singular_image":false,"_genesis_hide_footer_widgets":false,"_genesis_custom_body_class":"","_genesis_custom_post_class":"","_genesis_layout":"","_jetpack_memberships_contains_paid_content":false,"footnotes":""},"categories":[22,7],"tags":[],"class_list":{"0":"post-107540","1":"post","2":"type-post","3":"status-publish","4":"format-standard","5":"has-post-thumbnail","7":"category-brasil","8":"category-economia","9":"entry","10":"gs-1","11":"gs-odd","12":"gs-even","13":"gs-featured-content-entry"},"jetpack_featured_media_url":"https:\/\/www.redenoticia.com.br\/noticia\/imagens\/receita-federal-irpf-2010.jpg","jetpack_sharing_enabled":true,"jetpack_likes_enabled":true,"_links":{"self":[{"href":"https:\/\/www.redenoticia.com.br\/noticia\/wp-json\/wp\/v2\/posts\/107540","targetHints":{"allow":["GET"]}}],"collection":[{"href":"https:\/\/www.redenoticia.com.br\/noticia\/wp-json\/wp\/v2\/posts"}],"about":[{"href":"https:\/\/www.redenoticia.com.br\/noticia\/wp-json\/wp\/v2\/types\/post"}],"author":[{"embeddable":true,"href":"https:\/\/www.redenoticia.com.br\/noticia\/wp-json\/wp\/v2\/users\/2"}],"replies":[{"embeddable":true,"href":"https:\/\/www.redenoticia.com.br\/noticia\/wp-json\/wp\/v2\/comments?post=107540"}],"version-history":[{"count":0,"href":"https:\/\/www.redenoticia.com.br\/noticia\/wp-json\/wp\/v2\/posts\/107540\/revisions"}],"wp:featuredmedia":[{"embeddable":true,"href":"https:\/\/www.redenoticia.com.br\/noticia\/wp-json\/wp\/v2\/media\/23889"}],"wp:attachment":[{"href":"https:\/\/www.redenoticia.com.br\/noticia\/wp-json\/wp\/v2\/media?parent=107540"}],"wp:term":[{"taxonomy":"category","embeddable":true,"href":"https:\/\/www.redenoticia.com.br\/noticia\/wp-json\/wp\/v2\/categories?post=107540"},{"taxonomy":"post_tag","embeddable":true,"href":"https:\/\/www.redenoticia.com.br\/noticia\/wp-json\/wp\/v2\/tags?post=107540"}],"curies":[{"name":"wp","href":"https:\/\/api.w.org\/{rel}","templated":true}]}}