{"id":107481,"date":"2017-02-22T00:58:07","date_gmt":"2017-02-22T03:58:07","guid":{"rendered":"http:\/\/www.redenoticia.com.br\/noticia\/?p=107481"},"modified":"2017-02-21T21:58:59","modified_gmt":"2017-02-22T00:58:59","slug":"confianca-dos-comerciantes-cresce-em-fevereiro-mas-setor-continua-cauteloso","status":"publish","type":"post","link":"https:\/\/www.redenoticia.com.br\/noticia\/2017\/confianca-dos-comerciantes-cresce-em-fevereiro-mas-setor-continua-cauteloso\/107481","title":{"rendered":"Confian\u00e7a dos comerciantes cresce em fevereiro, mas setor continua cauteloso"},"content":{"rendered":"<p> A <strong><em>confian\u00e7a dos empres\u00e1rios do com\u00e9rcio<\/em><\/strong> subiu 18,6% em fevereiro deste ano, em rela\u00e7\u00e3o ao mesmo m\u00eas do ano passado. Foi a oitava taxa positiva consecutiva nesta base de compara\u00e7\u00e3o, segundo a\u00a0Confedera\u00e7\u00e3o Nacional do Com\u00e9rcio de Bens, Servi\u00e7os e Turismo (CNC).<\/p>\n<p>Na s\u00e9rie com ajuste sazonal, o \u00edndice aumentou 1% em fevereiro deste ano na compara\u00e7\u00e3o com igual per\u00edodo de 2016, alcan\u00e7ando 95,5 pontos. Por\u00e9m, o resultado, que ficou abaixo dos 100 pontos, mostra que os comerciantes est\u00e3o\u00a0\u201catentos \u00e0s condi\u00e7\u00f5es do mercado de trabalho e \u00e0 restri\u00e7\u00e3o da renda das fam\u00edlias&#8221;.\u00a0&#8220;Apesar da redu\u00e7\u00e3o do ritmo de queda nas vendas, os tomadores de decis\u00e3o do varejo mant\u00eam cautela diante de incertezas quanto \u00e0 recupera\u00e7\u00e3o tanto deste mercado de trabalho como da restri\u00e7\u00e3o da renda\u201d, diz a confedera\u00e7\u00e3o.<\/p>\n<p>Em nota, a economista da CNC Izis Ferreira afirma que a melhora da confian\u00e7a dos empres\u00e1rios do setor t\u00eam rela\u00e7\u00e3o com as reformas e medidas de ajuste propostas pelo governo, que est\u00e3o em andamento no Congresso, mas tamb\u00e9m com a &#8220;queda das taxas dos juros e a redu\u00e7\u00e3o da infla\u00e7\u00e3o, que propiciam um ambiente mais favor\u00e1vel aos investimentos e estimulam a confian\u00e7a dos comerciantes\u201d.<\/p>\n<p>Condi\u00e7\u00f5es atuais<\/p>\n<p>Quanto\u00a0\u00e0s condi\u00e7\u00f5es atuais da economia, a avalia\u00e7\u00e3o dos comerciantes melhorou 11,5% em fevereiro. Com isso, caiu a propor\u00e7\u00e3o de comerciantes que consideram as condi\u00e7\u00f5es econ\u00f4micas atuais piores. Em fevereiro, 79,4% dos varejistas fizeram essa avalia\u00e7\u00e3o, contra 81,4% no m\u00eas passado.<\/p>\n<p>Expectativas<\/p>\n<p>Sobre o comportamento da economia no futuro, o otimismo do empresariado caiu pelo terceiro m\u00eas consecutivo, passando de 82,2% para 73,8% de dezembro para fevereiro. Em janeiro, o percentual era de 75,5%.<\/p>\n<p>Para Izis Ferreira, a queda indica que o com\u00e9rcio n\u00e3o acredita na retomada das vendas no curto prazo. \u201cA retra\u00e7\u00e3o das expectativas mostra que no curto prazo os comerciantes ainda n\u00e3o enxergam retomada das vendas, principalmente por conta da manuten\u00e7\u00e3o das condi\u00e7\u00f5es do mercado de trabalho e da restri\u00e7\u00e3o da renda das fam\u00edlias.\u201d<\/p>\n<p>A CNC ouviu cerca de 6 mil empresas em todas as capitais do pa\u00eds. Os \u00edndices s\u00e3o apurados mensalmente e variam em uma escala de 0 a 200 pontos.<\/p>\n<p>Nielmar de Oliveira &#8211; Rep\u00f3rter da Ag\u00eancia Brasil<br \/>\nEdi\u00e7\u00e3o: Carolina Pimentel<br \/>\n22\/02\/2017<\/p>\n","protected":false},"excerpt":{"rendered":"<p>A confian\u00e7a dos empres\u00e1rios do com\u00e9rcio subiu 18,6% em fevereiro deste ano, em rela\u00e7\u00e3o ao mesmo m\u00eas do ano passado. Foi a oitava taxa positiva consecutiva nesta base de compara\u00e7\u00e3o, segundo a\u00a0Confedera\u00e7\u00e3o Nacional do Com\u00e9rcio de Bens, Servi\u00e7os e Turismo (CNC). Na s\u00e9rie com ajuste sazonal, o \u00edndice aumentou 1% em fevereiro deste ano na [&hellip;]<\/p>\n","protected":false},"author":2,"featured_media":57585,"comment_status":"open","ping_status":"closed","sticky":false,"template":"","format":"standard","meta":{"_genesis_hide_title":false,"_genesis_hide_breadcrumbs":false,"_genesis_hide_singular_image":false,"_genesis_hide_footer_widgets":false,"_genesis_custom_body_class":"","_genesis_custom_post_class":"","_genesis_layout":"","_jetpack_memberships_contains_paid_content":false,"footnotes":""},"categories":[22,7],"tags":[],"class_list":{"0":"post-107481","1":"post","2":"type-post","3":"status-publish","4":"format-standard","5":"has-post-thumbnail","7":"category-brasil","8":"category-economia","9":"entry","10":"gs-1","11":"gs-odd","12":"gs-even","13":"gs-featured-content-entry"},"jetpack_featured_media_url":"https:\/\/www.redenoticia.com.br\/noticia\/imagens\/analise-economia.jpg","jetpack_sharing_enabled":true,"jetpack_likes_enabled":true,"_links":{"self":[{"href":"https:\/\/www.redenoticia.com.br\/noticia\/wp-json\/wp\/v2\/posts\/107481","targetHints":{"allow":["GET"]}}],"collection":[{"href":"https:\/\/www.redenoticia.com.br\/noticia\/wp-json\/wp\/v2\/posts"}],"about":[{"href":"https:\/\/www.redenoticia.com.br\/noticia\/wp-json\/wp\/v2\/types\/post"}],"author":[{"embeddable":true,"href":"https:\/\/www.redenoticia.com.br\/noticia\/wp-json\/wp\/v2\/users\/2"}],"replies":[{"embeddable":true,"href":"https:\/\/www.redenoticia.com.br\/noticia\/wp-json\/wp\/v2\/comments?post=107481"}],"version-history":[{"count":0,"href":"https:\/\/www.redenoticia.com.br\/noticia\/wp-json\/wp\/v2\/posts\/107481\/revisions"}],"wp:featuredmedia":[{"embeddable":true,"href":"https:\/\/www.redenoticia.com.br\/noticia\/wp-json\/wp\/v2\/media\/57585"}],"wp:attachment":[{"href":"https:\/\/www.redenoticia.com.br\/noticia\/wp-json\/wp\/v2\/media?parent=107481"}],"wp:term":[{"taxonomy":"category","embeddable":true,"href":"https:\/\/www.redenoticia.com.br\/noticia\/wp-json\/wp\/v2\/categories?post=107481"},{"taxonomy":"post_tag","embeddable":true,"href":"https:\/\/www.redenoticia.com.br\/noticia\/wp-json\/wp\/v2\/tags?post=107481"}],"curies":[{"name":"wp","href":"https:\/\/api.w.org\/{rel}","templated":true}]}}