{"id":107370,"date":"2017-02-21T00:48:35","date_gmt":"2017-02-21T03:48:35","guid":{"rendered":"http:\/\/www.redenoticia.com.br\/noticia\/?p=107370"},"modified":"2017-02-21T00:48:35","modified_gmt":"2017-02-21T03:48:35","slug":"novo-limite-para-compra-de-imoveis-com-o-fgts","status":"publish","type":"post","link":"https:\/\/www.redenoticia.com.br\/noticia\/2017\/novo-limite-para-compra-de-imoveis-com-o-fgts\/107370","title":{"rendered":"Novo limite para compra de im\u00f3veis com o FGTS"},"content":{"rendered":"<p> Come\u00e7ou a valer a resolu\u00e7\u00e3o do Conselho Monet\u00e1rio Nacional (CMN) que aumentou o limite m\u00e1ximo do valor dos im\u00f3veis novos adquiridos por meio do Sistema Financeiro de Habita\u00e7\u00e3o (SFH). At\u00e9 31 de dezembro deste ano, os mutu\u00e1rios poder\u00e3o financiar im\u00f3veis de at\u00e9 R$ 1,5 milh\u00e3o, utilizando recursos do Fundo de Garantia do Tempo de Servi\u00e7o (<strong><em>FGTS<\/em><\/strong>).<\/p>\n<p> Os financiamentos do SFH cobram juros menores que os demais financiamentos do mercado, de at\u00e9 12% ao ano. Acima desses valores, valem as normas do Sistema Financeiro Imobili\u00e1rio (SFI), com taxas mais altas e definidas livremente pelo mercado.<\/p>\n<p>Essa foi a segunda eleva\u00e7\u00e3o do limite nos \u00faltimos tr\u00eas meses. Em novembro, o CMN tinha reajustado o teto de financiamento de R$ 650 mil para R$ 800 mil, na maior parte do pa\u00eds, e de R$ 750 mil para R$ 950 mil no Distrito Federal, em Minas Gerais, no Rio de Janeiro e em S\u00e3o Paulo. O novo teto de R$ 1,5 milh\u00e3o valer\u00e1 para todas as regi\u00f5es do pa\u00eds.<\/p>\n<p>Em nota, o Minist\u00e9rio do Planejamento informou que a medida ampliar\u00e1 o acesso da popula\u00e7\u00e3o \u00e0s taxas de juros mais baratas e possibilitar\u00e1 a movimenta\u00e7\u00e3o dos recursos das contas vinculadas do FGTS para o pagamento das presta\u00e7\u00f5es.<\/p>\n<p>Da Ag\u00eancia Brasil<br \/>\nEdi\u00e7\u00e3o: Gra\u00e7a Adjuto<br \/>\n21\/02\/2017<\/p>\n","protected":false},"excerpt":{"rendered":"<p>Come\u00e7ou a valer a resolu\u00e7\u00e3o do Conselho Monet\u00e1rio Nacional (CMN) que aumentou o limite m\u00e1ximo do valor dos im\u00f3veis novos adquiridos por meio do Sistema Financeiro de Habita\u00e7\u00e3o (SFH). At\u00e9 31 de dezembro deste ano, os mutu\u00e1rios poder\u00e3o financiar im\u00f3veis de at\u00e9 R$ 1,5 milh\u00e3o, utilizando recursos do Fundo de Garantia do Tempo de Servi\u00e7o [&hellip;]<\/p>\n","protected":false},"author":2,"featured_media":57584,"comment_status":"open","ping_status":"closed","sticky":false,"template":"","format":"standard","meta":{"_genesis_hide_title":false,"_genesis_hide_breadcrumbs":false,"_genesis_hide_singular_image":false,"_genesis_hide_footer_widgets":false,"_genesis_custom_body_class":"","_genesis_custom_post_class":"","_genesis_layout":"","_jetpack_memberships_contains_paid_content":false,"footnotes":""},"categories":[22,7],"tags":[],"class_list":{"0":"post-107370","1":"post","2":"type-post","3":"status-publish","4":"format-standard","5":"has-post-thumbnail","7":"category-brasil","8":"category-economia","9":"entry","10":"gs-1","11":"gs-odd","12":"gs-even","13":"gs-featured-content-entry"},"jetpack_featured_media_url":"https:\/\/www.redenoticia.com.br\/noticia\/imagens\/economia-grafica-analise-inflacao.jpg","jetpack_sharing_enabled":true,"jetpack_likes_enabled":true,"_links":{"self":[{"href":"https:\/\/www.redenoticia.com.br\/noticia\/wp-json\/wp\/v2\/posts\/107370","targetHints":{"allow":["GET"]}}],"collection":[{"href":"https:\/\/www.redenoticia.com.br\/noticia\/wp-json\/wp\/v2\/posts"}],"about":[{"href":"https:\/\/www.redenoticia.com.br\/noticia\/wp-json\/wp\/v2\/types\/post"}],"author":[{"embeddable":true,"href":"https:\/\/www.redenoticia.com.br\/noticia\/wp-json\/wp\/v2\/users\/2"}],"replies":[{"embeddable":true,"href":"https:\/\/www.redenoticia.com.br\/noticia\/wp-json\/wp\/v2\/comments?post=107370"}],"version-history":[{"count":0,"href":"https:\/\/www.redenoticia.com.br\/noticia\/wp-json\/wp\/v2\/posts\/107370\/revisions"}],"wp:featuredmedia":[{"embeddable":true,"href":"https:\/\/www.redenoticia.com.br\/noticia\/wp-json\/wp\/v2\/media\/57584"}],"wp:attachment":[{"href":"https:\/\/www.redenoticia.com.br\/noticia\/wp-json\/wp\/v2\/media?parent=107370"}],"wp:term":[{"taxonomy":"category","embeddable":true,"href":"https:\/\/www.redenoticia.com.br\/noticia\/wp-json\/wp\/v2\/categories?post=107370"},{"taxonomy":"post_tag","embeddable":true,"href":"https:\/\/www.redenoticia.com.br\/noticia\/wp-json\/wp\/v2\/tags?post=107370"}],"curies":[{"name":"wp","href":"https:\/\/api.w.org\/{rel}","templated":true}]}}