{"id":107368,"date":"2017-02-21T00:47:54","date_gmt":"2017-02-21T03:47:54","guid":{"rendered":"http:\/\/www.redenoticia.com.br\/noticia\/?p=107368"},"modified":"2017-02-21T00:47:54","modified_gmt":"2017-02-21T03:47:54","slug":"divida-publica-federal-cai-19-para-r-305-trilhoes-em-janeiro","status":"publish","type":"post","link":"https:\/\/www.redenoticia.com.br\/noticia\/2017\/divida-publica-federal-cai-19-para-r-305-trilhoes-em-janeiro\/107368","title":{"rendered":"D\u00edvida P\u00fablica Federal cai 1,9% para R$ 3,05 trilh\u00f5es em janeiro"},"content":{"rendered":"<p> A <strong><em>D\u00edvida P\u00fablica Federal<\/em><\/strong>, que inclui o endividamento interno e externo, iniciou o ano com queda. O saldo da d\u00edvida caiu 1,91%, em termos nominais, passando de R$ 3,112 trilh\u00f5es em dezembro para R$ 3,053 trilh\u00f5es em janeiro. Os dados foram divulgados pelo Tesouro Nacional.<\/p>\n<p>De acordo com o coordenador-geral de Opera\u00e7\u00f5es da D\u00edvida P\u00fablica do Tesouro Nacional, Leandro Secunho, a queda no estoque da d\u00edvida em janeiro ocorreu porque houve resgate l\u00edquido, ou seja os vencimentos dos t\u00edtulos p\u00fablicos foram maiores do que as emiss\u00f5es. \u201cO que venceu em janeiro representa 30% de tudo que vence no ano\u201d, disse.<\/p>\n<p>A D\u00edvida P\u00fablica Mobili\u00e1ria Federal interna (DPMFi), em circula\u00e7\u00e3o no mercado nacional, teve seu estoque reduzido em 1,6%, ao passar de R$ 2,986 trilh\u00f5es para R$ 2,938 trilh\u00f5es.<\/p>\n<p> Com rela\u00e7\u00e3o ao estoque da D\u00edvida P\u00fablica Federal externa (DPFe), houve redu\u00e7\u00e3o de 9,27% sobre o apurado em dezembro, encerrando janeiro em R$ 114,8 bilh\u00f5es (US$ 36,71 bilh\u00f5es).<\/p>\n<p>A varia\u00e7\u00e3o do endividamento do Tesouro pode ocorrer por meio da oferta de t\u00edtulos p\u00fablicos em leil\u00f5es, pela internet (Tesouro Direto) ou pela emiss\u00e3o direta.<\/p>\n<p>A varia\u00e7\u00e3o pode ocorrer tamb\u00e9m pela assinatura de contratos de empr\u00e9stimo. Nesse caso, o Tesouro toma empr\u00e9stimo de uma institui\u00e7\u00e3o financeira ou de um banco de fomento, destinado a financiar o desenvolvimento de uma determinada regi\u00e3o. J\u00e1 a redu\u00e7\u00e3o do endividamento se d\u00e1, por exemplo, pelo resgate de t\u00edtulos.<\/p>\n<p>De acordo com o Plano Anual de Financiamento (PAF), a d\u00edvida p\u00fablica poder\u00e1 encerrar este ano entre R$ 3,45 trilh\u00f5es e R$ 3,65 trilh\u00f5es.<\/p>\n<p>Em 2016, a d\u00edvida ficou em R$ 3,113 trilh\u00f5es, com alta de 11,45% em rela\u00e7\u00e3o a 2015.<\/p>\n<p>Kelly Oliveira \u2013 Rep\u00f3rter da Ag\u00eancia Brasil<br \/>\nEdi\u00e7\u00e3o: Maria Claudia<br \/>\n21\/02\/2017<\/p>\n","protected":false},"excerpt":{"rendered":"<p>A D\u00edvida P\u00fablica Federal, que inclui o endividamento interno e externo, iniciou o ano com queda. O saldo da d\u00edvida caiu 1,91%, em termos nominais, passando de R$ 3,112 trilh\u00f5es em dezembro para R$ 3,053 trilh\u00f5es em janeiro. Os dados foram divulgados pelo Tesouro Nacional. De acordo com o coordenador-geral de Opera\u00e7\u00f5es da D\u00edvida P\u00fablica [&hellip;]<\/p>\n","protected":false},"author":2,"featured_media":57585,"comment_status":"open","ping_status":"closed","sticky":false,"template":"","format":"standard","meta":{"_genesis_hide_title":false,"_genesis_hide_breadcrumbs":false,"_genesis_hide_singular_image":false,"_genesis_hide_footer_widgets":false,"_genesis_custom_body_class":"","_genesis_custom_post_class":"","_genesis_layout":"","_jetpack_memberships_contains_paid_content":false,"footnotes":""},"categories":[22,7],"tags":[],"class_list":{"0":"post-107368","1":"post","2":"type-post","3":"status-publish","4":"format-standard","5":"has-post-thumbnail","7":"category-brasil","8":"category-economia","9":"entry","10":"gs-1","11":"gs-odd","12":"gs-even","13":"gs-featured-content-entry"},"jetpack_featured_media_url":"https:\/\/www.redenoticia.com.br\/noticia\/imagens\/analise-economia.jpg","jetpack_sharing_enabled":true,"jetpack_likes_enabled":true,"_links":{"self":[{"href":"https:\/\/www.redenoticia.com.br\/noticia\/wp-json\/wp\/v2\/posts\/107368","targetHints":{"allow":["GET"]}}],"collection":[{"href":"https:\/\/www.redenoticia.com.br\/noticia\/wp-json\/wp\/v2\/posts"}],"about":[{"href":"https:\/\/www.redenoticia.com.br\/noticia\/wp-json\/wp\/v2\/types\/post"}],"author":[{"embeddable":true,"href":"https:\/\/www.redenoticia.com.br\/noticia\/wp-json\/wp\/v2\/users\/2"}],"replies":[{"embeddable":true,"href":"https:\/\/www.redenoticia.com.br\/noticia\/wp-json\/wp\/v2\/comments?post=107368"}],"version-history":[{"count":0,"href":"https:\/\/www.redenoticia.com.br\/noticia\/wp-json\/wp\/v2\/posts\/107368\/revisions"}],"wp:featuredmedia":[{"embeddable":true,"href":"https:\/\/www.redenoticia.com.br\/noticia\/wp-json\/wp\/v2\/media\/57585"}],"wp:attachment":[{"href":"https:\/\/www.redenoticia.com.br\/noticia\/wp-json\/wp\/v2\/media?parent=107368"}],"wp:term":[{"taxonomy":"category","embeddable":true,"href":"https:\/\/www.redenoticia.com.br\/noticia\/wp-json\/wp\/v2\/categories?post=107368"},{"taxonomy":"post_tag","embeddable":true,"href":"https:\/\/www.redenoticia.com.br\/noticia\/wp-json\/wp\/v2\/tags?post=107368"}],"curies":[{"name":"wp","href":"https:\/\/api.w.org\/{rel}","templated":true}]}}