{"id":107275,"date":"2017-02-20T01:10:26","date_gmt":"2017-02-20T04:10:26","guid":{"rendered":"http:\/\/www.redenoticia.com.br\/noticia\/?p=107275"},"modified":"2017-02-19T18:11:35","modified_gmt":"2017-02-19T21:11:35","slug":"contas-externas-tem-deficit-de-us-5-bilhoes-em-janeiro","status":"publish","type":"post","link":"https:\/\/www.redenoticia.com.br\/noticia\/2017\/contas-externas-tem-deficit-de-us-5-bilhoes-em-janeiro\/107275","title":{"rendered":"Contas externas t\u00eam d\u00e9ficit de US$ 5 bilh\u00f5es em janeiro"},"content":{"rendered":"<p> As <strong><em>contas externas<\/em><\/strong> iniciaram este ano com d\u00e9ficit de US$ 5,085 bilh\u00f5es, de acordo com dados do Banco Central (BC). Em janeiro de 2016, o saldo negativo das transa\u00e7\u00f5es correntes &#8211; compras e vendas de mercadorias e servi\u00e7os e transfer\u00eancias de renda do pa\u00eds com o mundo \u2013 foi menor, tendo ficado em US$ 4,817 bilh\u00f5es.<\/p>\n<p>No balan\u00e7o das transa\u00e7\u00f5es correntes, a conta de renda prim\u00e1ria (lucros e dividendos, pagamentos de juros e sal\u00e1rios) apresentou saldo negativo de US$ 5,344 bilh\u00f5es, no m\u00eas passado.<\/p>\n<p>A conta de servi\u00e7os (viagens internacionais, transportes, aluguel de equipamentos, seguros, entre outros) contribuiu para o resultado negativo com US$ 2,419 bilh\u00f5es.<\/p>\n<p>A conta de renda secund\u00e1ria (gerada em uma economia e distribu\u00edda para outra, como doa\u00e7\u00f5es e remessas de d\u00f3lares, sem contrapartida de servi\u00e7os ou bens) apresentou resultado positivo de US$ 174 milh\u00f5es.<\/p>\n<p>A balan\u00e7a comercial contribuiu para reduzir o d\u00e9ficit das contas externas, ao apresentar super\u00e1vit de US$ 2,504 bilh\u00f5es.<\/p>\n<p>Quando o pa\u00eds tem d\u00e9ficit nas contas externas, \u00e9 preciso financiar esse resultado negativo com investimentos estrangeiros ou tomar dinheiro emprestado no exterior. O investimento direto no pa\u00eds (IDP), recursos que entram no Brasil e v\u00e3o para o setor produtivo da economia, \u00e9 considerado a melhor forma de financiar por ser de longo prazo.<\/p>\n<p>No m\u00eas passado, o IDP chegou a US$ 11,528 bilh\u00f5es e foi mais do que suficiente para cobrir todo o d\u00e9ficit em transa\u00e7\u00f5es correntes.<\/p>\n<p>Em janeiro deste ano, o pa\u00eds tamb\u00e9m registrou entrada de investimento em a\u00e7\u00f5es negociadas em bolsas de valores no Brasil e no exterior e em fundos de investimento, no total de US$ 962 milh\u00f5es.<\/p>\n<p>O BC registrou ainda entrada l\u00edquida de investimento em t\u00edtulos negociados no pa\u00eds de US$ 502 milh\u00f5es, no m\u00eas passado.<\/p>\n<p>Kelly Oliveira \u2013 Rep\u00f3rter da Ag\u00eancia Brasil<br \/>\nEdi\u00e7\u00e3o: Maria Claudia<br \/>\n20\/02\/2017<\/p>\n","protected":false},"excerpt":{"rendered":"<p>As contas externas iniciaram este ano com d\u00e9ficit de US$ 5,085 bilh\u00f5es, de acordo com dados do Banco Central (BC). Em janeiro de 2016, o saldo negativo das transa\u00e7\u00f5es correntes &#8211; compras e vendas de mercadorias e servi\u00e7os e transfer\u00eancias de renda do pa\u00eds com o mundo \u2013 foi menor, tendo ficado em US$ 4,817 [&hellip;]<\/p>\n","protected":false},"author":2,"featured_media":57583,"comment_status":"open","ping_status":"closed","sticky":false,"template":"","format":"standard","meta":{"_genesis_hide_title":false,"_genesis_hide_breadcrumbs":false,"_genesis_hide_singular_image":false,"_genesis_hide_footer_widgets":false,"_genesis_custom_body_class":"","_genesis_custom_post_class":"","_genesis_layout":"","_jetpack_memberships_contains_paid_content":false,"footnotes":""},"categories":[22,7],"tags":[],"class_list":{"0":"post-107275","1":"post","2":"type-post","3":"status-publish","4":"format-standard","5":"has-post-thumbnail","7":"category-brasil","8":"category-economia","9":"entry","10":"gs-1","11":"gs-odd","12":"gs-even","13":"gs-featured-content-entry"},"jetpack_featured_media_url":"https:\/\/www.redenoticia.com.br\/noticia\/imagens\/economia-grafico.jpg","jetpack_sharing_enabled":true,"jetpack_likes_enabled":true,"_links":{"self":[{"href":"https:\/\/www.redenoticia.com.br\/noticia\/wp-json\/wp\/v2\/posts\/107275","targetHints":{"allow":["GET"]}}],"collection":[{"href":"https:\/\/www.redenoticia.com.br\/noticia\/wp-json\/wp\/v2\/posts"}],"about":[{"href":"https:\/\/www.redenoticia.com.br\/noticia\/wp-json\/wp\/v2\/types\/post"}],"author":[{"embeddable":true,"href":"https:\/\/www.redenoticia.com.br\/noticia\/wp-json\/wp\/v2\/users\/2"}],"replies":[{"embeddable":true,"href":"https:\/\/www.redenoticia.com.br\/noticia\/wp-json\/wp\/v2\/comments?post=107275"}],"version-history":[{"count":0,"href":"https:\/\/www.redenoticia.com.br\/noticia\/wp-json\/wp\/v2\/posts\/107275\/revisions"}],"wp:featuredmedia":[{"embeddable":true,"href":"https:\/\/www.redenoticia.com.br\/noticia\/wp-json\/wp\/v2\/media\/57583"}],"wp:attachment":[{"href":"https:\/\/www.redenoticia.com.br\/noticia\/wp-json\/wp\/v2\/media?parent=107275"}],"wp:term":[{"taxonomy":"category","embeddable":true,"href":"https:\/\/www.redenoticia.com.br\/noticia\/wp-json\/wp\/v2\/categories?post=107275"},{"taxonomy":"post_tag","embeddable":true,"href":"https:\/\/www.redenoticia.com.br\/noticia\/wp-json\/wp\/v2\/tags?post=107275"}],"curies":[{"name":"wp","href":"https:\/\/api.w.org\/{rel}","templated":true}]}}