{"id":107273,"date":"2017-02-20T01:09:13","date_gmt":"2017-02-20T04:09:13","guid":{"rendered":"http:\/\/www.redenoticia.com.br\/noticia\/?p=107273"},"modified":"2017-02-19T18:10:21","modified_gmt":"2017-02-19T21:10:21","slug":"gastos-de-brasileiros-no-exterior-crescem-879-em-janeiro","status":"publish","type":"post","link":"https:\/\/www.redenoticia.com.br\/noticia\/2017\/gastos-de-brasileiros-no-exterior-crescem-879-em-janeiro\/107273","title":{"rendered":"Gastos de brasileiros no exterior crescem 87,9% em janeiro"},"content":{"rendered":"<p> Os <strong><em>gastos de brasileiros no exterior<\/em><\/strong> ficaram em US$ 1,578 bilh\u00e3o em janeiro deste ano, informou o Banco Central (BC). O resultado \u00e9 87,95% superior ao registrado no mesmo per\u00edodo do ano passado, quando os brasileiros gastaram US$ 840 milh\u00f5es.<\/p>\n<p>O chefe do Departamento Econ\u00f4mico do BC, Tulio Maciel, destacou que o d\u00f3lar mais barato foi o principal fator que estimulou os gastos dos brasileiros no exterior. Ele lembrou que a taxa de c\u00e2mbio ficou em cerca de R$ 3,20, em janeiro deste ano. Em janeiro de 2016, essa m\u00e9dia era de R$ 4,05. \u201cUma varia\u00e7\u00e3o significativa de mais de 20% na taxa de c\u00e2mbio de um per\u00edodo para o outro\u201d, disse.<\/p>\n<p>Maciel disse ainda que a melhora nos indicadores de confian\u00e7a dos consumidores tamb\u00e9m estimulou as viagens ao exterior. \u201cSe olhar indicadores de confian\u00e7a de consumidores a gente v\u00ea uma rea\u00e7\u00e3o desde metade do ano passado. H\u00e1 um sentimento evidenciado nesses indicadores mais otimista hoje do que t\u00ednhamos no passado. Confian\u00e7a \u00e9 uma vari\u00e1vel na decis\u00e3o de gastar com viagens\u201d, destacou.<\/p>\n<p>Turistas estrangeiros<\/p>\n<p>J\u00e1 as receitas de estrangeiros em viagem no Brasil n\u00e3o variaram tanto do ano passado pra c\u00e1. Em janeiro deste ano, as receitas ficaram em US$ 664 milh\u00f5es, contra US$ 650 milh\u00f5es registrados em janeiro de 2016.<\/p>\n<p>Com esses resultados das despesas de brasileiros no exterior e as receitas de estrangeiros no Brasil, a conta de viagens internacionais ficou negativa em US$ 914 milh\u00f5es, no m\u00eas passado.<\/p>\n<p>Nos dados preliminares deste m\u00eas at\u00e9 o dia 15, as despesas de brasileiros no exterior ficaram em US$ 796 milh\u00f5es e as receitas de estrangeiros no Brasil, em US$ 309 milh\u00f5es.<\/p>\n<p>Kelly Oliveira \u2013 Rep\u00f3rter da Ag\u00eancia Brasil<br \/>\nEdi\u00e7\u00e3o: Denise Griesinger<br \/>\n20\/02\/2017<\/p>\n","protected":false},"excerpt":{"rendered":"<p>Os gastos de brasileiros no exterior ficaram em US$ 1,578 bilh\u00e3o em janeiro deste ano, informou o Banco Central (BC). O resultado \u00e9 87,95% superior ao registrado no mesmo per\u00edodo do ano passado, quando os brasileiros gastaram US$ 840 milh\u00f5es. O chefe do Departamento Econ\u00f4mico do BC, Tulio Maciel, destacou que o d\u00f3lar mais barato [&hellip;]<\/p>\n","protected":false},"author":2,"featured_media":57585,"comment_status":"open","ping_status":"closed","sticky":false,"template":"","format":"standard","meta":{"_genesis_hide_title":false,"_genesis_hide_breadcrumbs":false,"_genesis_hide_singular_image":false,"_genesis_hide_footer_widgets":false,"_genesis_custom_body_class":"","_genesis_custom_post_class":"","_genesis_layout":"","_jetpack_memberships_contains_paid_content":false,"footnotes":""},"categories":[22,7],"tags":[],"class_list":{"0":"post-107273","1":"post","2":"type-post","3":"status-publish","4":"format-standard","5":"has-post-thumbnail","7":"category-brasil","8":"category-economia","9":"entry","10":"gs-1","11":"gs-odd","12":"gs-even","13":"gs-featured-content-entry"},"jetpack_featured_media_url":"https:\/\/www.redenoticia.com.br\/noticia\/imagens\/analise-economia.jpg","jetpack_sharing_enabled":true,"jetpack_likes_enabled":true,"_links":{"self":[{"href":"https:\/\/www.redenoticia.com.br\/noticia\/wp-json\/wp\/v2\/posts\/107273","targetHints":{"allow":["GET"]}}],"collection":[{"href":"https:\/\/www.redenoticia.com.br\/noticia\/wp-json\/wp\/v2\/posts"}],"about":[{"href":"https:\/\/www.redenoticia.com.br\/noticia\/wp-json\/wp\/v2\/types\/post"}],"author":[{"embeddable":true,"href":"https:\/\/www.redenoticia.com.br\/noticia\/wp-json\/wp\/v2\/users\/2"}],"replies":[{"embeddable":true,"href":"https:\/\/www.redenoticia.com.br\/noticia\/wp-json\/wp\/v2\/comments?post=107273"}],"version-history":[{"count":0,"href":"https:\/\/www.redenoticia.com.br\/noticia\/wp-json\/wp\/v2\/posts\/107273\/revisions"}],"wp:featuredmedia":[{"embeddable":true,"href":"https:\/\/www.redenoticia.com.br\/noticia\/wp-json\/wp\/v2\/media\/57585"}],"wp:attachment":[{"href":"https:\/\/www.redenoticia.com.br\/noticia\/wp-json\/wp\/v2\/media?parent=107273"}],"wp:term":[{"taxonomy":"category","embeddable":true,"href":"https:\/\/www.redenoticia.com.br\/noticia\/wp-json\/wp\/v2\/categories?post=107273"},{"taxonomy":"post_tag","embeddable":true,"href":"https:\/\/www.redenoticia.com.br\/noticia\/wp-json\/wp\/v2\/tags?post=107273"}],"curies":[{"name":"wp","href":"https:\/\/api.w.org\/{rel}","templated":true}]}}