{"id":107271,"date":"2017-02-20T01:07:45","date_gmt":"2017-02-20T04:07:45","guid":{"rendered":"http:\/\/www.redenoticia.com.br\/noticia\/?p=107271"},"modified":"2017-02-19T18:09:08","modified_gmt":"2017-02-19T21:09:08","slug":"inflacao-volta-a-cair-em-sao-paulo","status":"publish","type":"post","link":"https:\/\/www.redenoticia.com.br\/noticia\/2017\/inflacao-volta-a-cair-em-sao-paulo\/107271","title":{"rendered":"Infla\u00e7\u00e3o volta a cair em S\u00e3o Paulo"},"content":{"rendered":"<p> O \u00cdndice de Pre\u00e7os ao Consumidor (<strong><em>IPC<\/em><\/strong>), medido pela Funda\u00e7\u00e3o Instituto de Pesquisas Econ\u00f4micas (Fipe) na cidade de S\u00e3o Paulo, apresentou varia\u00e7\u00e3o de 0,02% na segunda quadrissemana de fevereiro, ante 0,18% na \u00faltima apura\u00e7\u00e3o. Quatro dos sete grupos pesquisados tiveram redu\u00e7\u00e3o, entre eles o de alimenta\u00e7\u00e3o, que sempre pesa mais no or\u00e7amento dom\u00e9stico.<\/p>\n<p>Os pre\u00e7os dos itens aliment\u00edcios recuaram, em m\u00e9dia, 0,4% sobre uma queda de 0,11%. As demais baixas ocorreram nos grupos: habita\u00e7\u00e3o (de -0,01% para -0,09%); transportes (de 0,37% para -0,06%) e vestu\u00e1rio (de -0,77% para -0,65%).<\/p>\n<p>A maior alta foi em educa\u00e7\u00e3o com 3,76% , mas em ritmo de diminui\u00e7\u00e3o de corre\u00e7\u00e3o. Na primeira pr\u00e9via do m\u00eas, esse grupo havia apresentado alta de 5,56% e, no fechamento de janeiro, de 6,51%.<\/p>\n<p>Em despesas pessoais, houve pequena eleva\u00e7\u00e3o, de 0,11%, indicando perda na velocidade de corre\u00e7\u00e3o. Na pesquisa anterior ocorreu alta de 0,25%. No grupo sa\u00fade, a taxa voltou a apresentar aumento, ao passar de 0,79% para 1%.<\/p>\n<p>Marli Moreira &#8211; Rep\u00f3rter da Ag\u00eancia Brasil<br \/>\nEdi\u00e7\u00e3o: Gra\u00e7a Adjuto<br \/>\n20\/02\/2017<\/p>\n","protected":false},"excerpt":{"rendered":"<p>O \u00cdndice de Pre\u00e7os ao Consumidor (IPC), medido pela Funda\u00e7\u00e3o Instituto de Pesquisas Econ\u00f4micas (Fipe) na cidade de S\u00e3o Paulo, apresentou varia\u00e7\u00e3o de 0,02% na segunda quadrissemana de fevereiro, ante 0,18% na \u00faltima apura\u00e7\u00e3o. Quatro dos sete grupos pesquisados tiveram redu\u00e7\u00e3o, entre eles o de alimenta\u00e7\u00e3o, que sempre pesa mais no or\u00e7amento dom\u00e9stico. Os pre\u00e7os [&hellip;]<\/p>\n","protected":false},"author":2,"featured_media":57584,"comment_status":"open","ping_status":"closed","sticky":false,"template":"","format":"standard","meta":{"_genesis_hide_title":false,"_genesis_hide_breadcrumbs":false,"_genesis_hide_singular_image":false,"_genesis_hide_footer_widgets":false,"_genesis_custom_body_class":"","_genesis_custom_post_class":"","_genesis_layout":"","_jetpack_memberships_contains_paid_content":false,"footnotes":""},"categories":[22,7],"tags":[],"class_list":{"0":"post-107271","1":"post","2":"type-post","3":"status-publish","4":"format-standard","5":"has-post-thumbnail","7":"category-brasil","8":"category-economia","9":"entry","10":"gs-1","11":"gs-odd","12":"gs-even","13":"gs-featured-content-entry"},"jetpack_featured_media_url":"https:\/\/www.redenoticia.com.br\/noticia\/imagens\/economia-grafica-analise-inflacao.jpg","jetpack_sharing_enabled":true,"jetpack_likes_enabled":true,"_links":{"self":[{"href":"https:\/\/www.redenoticia.com.br\/noticia\/wp-json\/wp\/v2\/posts\/107271","targetHints":{"allow":["GET"]}}],"collection":[{"href":"https:\/\/www.redenoticia.com.br\/noticia\/wp-json\/wp\/v2\/posts"}],"about":[{"href":"https:\/\/www.redenoticia.com.br\/noticia\/wp-json\/wp\/v2\/types\/post"}],"author":[{"embeddable":true,"href":"https:\/\/www.redenoticia.com.br\/noticia\/wp-json\/wp\/v2\/users\/2"}],"replies":[{"embeddable":true,"href":"https:\/\/www.redenoticia.com.br\/noticia\/wp-json\/wp\/v2\/comments?post=107271"}],"version-history":[{"count":0,"href":"https:\/\/www.redenoticia.com.br\/noticia\/wp-json\/wp\/v2\/posts\/107271\/revisions"}],"wp:featuredmedia":[{"embeddable":true,"href":"https:\/\/www.redenoticia.com.br\/noticia\/wp-json\/wp\/v2\/media\/57584"}],"wp:attachment":[{"href":"https:\/\/www.redenoticia.com.br\/noticia\/wp-json\/wp\/v2\/media?parent=107271"}],"wp:term":[{"taxonomy":"category","embeddable":true,"href":"https:\/\/www.redenoticia.com.br\/noticia\/wp-json\/wp\/v2\/categories?post=107271"},{"taxonomy":"post_tag","embeddable":true,"href":"https:\/\/www.redenoticia.com.br\/noticia\/wp-json\/wp\/v2\/tags?post=107271"}],"curies":[{"name":"wp","href":"https:\/\/api.w.org\/{rel}","templated":true}]}}