{"id":107265,"date":"2017-02-20T01:03:39","date_gmt":"2017-02-20T04:03:39","guid":{"rendered":"http:\/\/www.redenoticia.com.br\/noticia\/?p=107265"},"modified":"2017-02-19T18:04:37","modified_gmt":"2017-02-19T21:04:37","slug":"seca-no-semiarido-nordestino-se-agravara-ate-abril","status":"publish","type":"post","link":"https:\/\/www.redenoticia.com.br\/noticia\/2017\/seca-no-semiarido-nordestino-se-agravara-ate-abril\/107265","title":{"rendered":"Seca no semi\u00e1rido nordestino se agravar\u00e1 at\u00e9 abril"},"content":{"rendered":"<p> Claudia Izique \u00a0| \u00a0Ag\u00eancia FAPESP \u2013 A <strong><em>seca no semi\u00e1rido do Nordeste<\/em><\/strong> do pa\u00eds, que j\u00e1 dura seis anos, poder\u00e1 se agravar at\u00e9 abril: h\u00e1 75% de probabilidade de as chuvas ficarem na m\u00e9dia e abaixo da m\u00e9dia climatol\u00f3gicas entre os meses de fevereiro e abril, aponta o \u00faltimo relat\u00f3rio do Grupo de Trabalho em Previs\u00e3o Clim\u00e1tica Sazonal (GTPCS) do Minist\u00e9rio da Ci\u00eancia, Tecnologia, Inova\u00e7\u00e3o e Comunica\u00e7\u00f5es (MCTI).<\/p>\n<p>As previs\u00f5es, produzidas com base em modelos clim\u00e1ticos e em diagn\u00f3sticos atmosf\u00e9ricos e oce\u00e2nicos, integram a agenda de pesquisa do Instituto Nacional de Ci\u00eancia e Tecnologia (INCT) para Mudan\u00e7as Clim\u00e1ticas, apoiado pelo Conselho Nacional de Desenvolvimento Cient\u00edfico e Tecnol\u00f3gico (CNPq) e pela FAPESP.<\/p>\n<p>As an\u00e1lises para o per\u00edodo que vai de fevereiro a abril de 2017 mostram a persist\u00eancia de ventos al\u00edsios mais fracos que o normal no Atl\u00e2ntico Tropical e o aumento da temperatura da superf\u00edcie do mar.<\/p>\n<p>\u201cH\u00e1 40% de chances de chuva no norte do Nordeste nesse per\u00edodo, mas com grande variabilidade espacial e temporal e abaixo da m\u00e9dia hist\u00f3rica\u201d, ressalta Jos\u00e9 Antonio Marengo, coordenador geral de Pesquisa e Desenvolvimento do Centro Nacional de Monitoramento e Alertas de Desastres Naturais (Cemaden), em Cachoeira Paulista, que integra o Grupo de Trabalho.<\/p>\n<p>A baixa precipita\u00e7\u00e3o est\u00e1 associada \u00e0s temperaturas dos oceanos Atl\u00e2ntico e Pac\u00edfico, incluindo a forma\u00e7\u00e3o do El Ni\u00f1o intenso entre 2015 e 2016, assim como de \u201cperturba\u00e7\u00f5es de larga escala\u201d que resultaram no deslocamento da zona de converg\u00eancia intertropical para o norte.<\/p>\n<p>\u201cEsta zona representa uma banda de nuvens orientada de oeste a leste e que determina chuva na regi\u00e3o. Se esta zona fica mais ao norte, ent\u00e3o ficar\u00e1 mais afastada do Nordeste e n\u00e3o ter\u00e1 chuva na regi\u00e3o\u201d, explica Marengo.<\/p>\n<p>A seca tem sido implac\u00e1vel no leste do Piau\u00ed, sul do Cear\u00e1, oeste de Pernambuco e centro-norte da Bahia, desde outubro de 2011, onde vivem 2,3 milh\u00f5es de pessoas. As estimativas do Minist\u00e9rio da Integra\u00e7\u00e3o d\u00e3o conta de que as perdas no setor agr\u00edcola nordestino em fun\u00e7\u00e3o da seca s\u00e3o da ordem de US$ 6 bilh\u00f5es, entre 2010 e 2015.<\/p>\n<p>E o quadro poder\u00e1 se agravar. Marengo sublinha n\u00e3o ser poss\u00edvel fazer previs\u00f5es clim\u00e1ticas para prazos acima de tr\u00eas meses em raz\u00e3o da \u201celevada incerteza associada \u00e0s previs\u00f5es\u201d, mas as estat\u00edsticas indicam que a seca que atinge a regi\u00e3o \u00e9 a mais severa e mais prolongada desde que o Cemaden iniciou o monitoramento da regi\u00e3o, em 2013.<\/p>\n<p>\u201cEntre outubro de 2012 e setembro de 2013, quando a seca se intensificou e afetou 53% das \u00e1reas de pastagens, o acumulado de precipita\u00e7\u00e3o foi de 611 mm. Entre outubro de 2015 e setembro de 2016, o acumulado de precipita\u00e7\u00e3o foi ainda mais baixo, de 588 mm\u201d, afirma Marengo.<\/p>\n<p>Se at\u00e9 abril as chuvas atingirem um patamar entre a m\u00e9dia hist\u00f3rica \u2013 861 mm no per\u00edodo de 1961 a 2015 \u2013 e at\u00e9 30% abaixo dessa m\u00e9dia, a situa\u00e7\u00e3o h\u00eddrica na maioria dos sistemas de abastecimento de \u00e1gua no norte da Regi\u00e3o Nordeste n\u00e3o ir\u00e1 se recuperar. \u201cA longo prazo, isso implicar\u00e1 em acentuado risco de esgotamento da \u00e1gua armazenada nos a\u00e7udes do Cear\u00e1, Pernambuco, Para\u00edba e Rio Grande do Norte entre novembro de 2017 e fevereiro de 2018\u201d, prev\u00ea o meteorologista Marcelo Seluchi, do Cemaden.<\/p>\n<p>Em fevereiro de 2017, por exemplo, os 153 a\u00e7udes do Cear\u00e1, com capacidade \u00a0total para 18.674,0 hm3, armazenavam 1.168,0 hm3 de \u00e1gua, cerca de 6% da capacidade, de acordo com informa\u00e7\u00f5es do .<\/p>\n<p>Al\u00e9m do Cemaden, integram o GTPCS especialistas do Centro de Previs\u00e3o de Tempo e Estudos Clim\u00e1ticos (CPTEC) e do Centro de Ci\u00eancias do Sistema Terrestre (CCST) do Instituto Nacional de Pesquisas Espaciais (Inpe) e do Instituto Nacional de Pesquisas da Amaz\u00f4nia (Inpa). Participam como convidados representantes dos Centros Estaduais de Meteorologia e do Instituto Nacional de Meteorologia (Inmet).<\/p>\n","protected":false},"excerpt":{"rendered":"<p>Claudia Izique \u00a0| \u00a0Ag\u00eancia FAPESP \u2013 A seca no semi\u00e1rido do Nordeste do pa\u00eds, que j\u00e1 dura seis anos, poder\u00e1 se agravar at\u00e9 abril: h\u00e1 75% de probabilidade de as chuvas ficarem na m\u00e9dia e abaixo da m\u00e9dia climatol\u00f3gicas entre os meses de fevereiro e abril, aponta o \u00faltimo relat\u00f3rio do Grupo de Trabalho em [&hellip;]<\/p>\n","protected":false},"author":2,"featured_media":28409,"comment_status":"open","ping_status":"closed","sticky":false,"template":"","format":"standard","meta":{"_genesis_hide_title":false,"_genesis_hide_breadcrumbs":false,"_genesis_hide_singular_image":false,"_genesis_hide_footer_widgets":false,"_genesis_custom_body_class":"","_genesis_custom_post_class":"","_genesis_layout":"","_jetpack_memberships_contains_paid_content":false,"footnotes":""},"categories":[22],"tags":[],"class_list":{"0":"post-107265","1":"post","2":"type-post","3":"status-publish","4":"format-standard","5":"has-post-thumbnail","7":"category-brasil","8":"entry","9":"gs-1","10":"gs-odd","11":"gs-even","12":"gs-featured-content-entry"},"jetpack_featured_media_url":"https:\/\/www.redenoticia.com.br\/noticia\/imagens\/previsao-do-tempo-e-temperatura.jpg","jetpack_sharing_enabled":true,"jetpack_likes_enabled":true,"_links":{"self":[{"href":"https:\/\/www.redenoticia.com.br\/noticia\/wp-json\/wp\/v2\/posts\/107265","targetHints":{"allow":["GET"]}}],"collection":[{"href":"https:\/\/www.redenoticia.com.br\/noticia\/wp-json\/wp\/v2\/posts"}],"about":[{"href":"https:\/\/www.redenoticia.com.br\/noticia\/wp-json\/wp\/v2\/types\/post"}],"author":[{"embeddable":true,"href":"https:\/\/www.redenoticia.com.br\/noticia\/wp-json\/wp\/v2\/users\/2"}],"replies":[{"embeddable":true,"href":"https:\/\/www.redenoticia.com.br\/noticia\/wp-json\/wp\/v2\/comments?post=107265"}],"version-history":[{"count":0,"href":"https:\/\/www.redenoticia.com.br\/noticia\/wp-json\/wp\/v2\/posts\/107265\/revisions"}],"wp:featuredmedia":[{"embeddable":true,"href":"https:\/\/www.redenoticia.com.br\/noticia\/wp-json\/wp\/v2\/media\/28409"}],"wp:attachment":[{"href":"https:\/\/www.redenoticia.com.br\/noticia\/wp-json\/wp\/v2\/media?parent=107265"}],"wp:term":[{"taxonomy":"category","embeddable":true,"href":"https:\/\/www.redenoticia.com.br\/noticia\/wp-json\/wp\/v2\/categories?post=107265"},{"taxonomy":"post_tag","embeddable":true,"href":"https:\/\/www.redenoticia.com.br\/noticia\/wp-json\/wp\/v2\/tags?post=107265"}],"curies":[{"name":"wp","href":"https:\/\/api.w.org\/{rel}","templated":true}]}}