{"id":107263,"date":"2017-02-20T01:02:21","date_gmt":"2017-02-20T04:02:21","guid":{"rendered":"http:\/\/www.redenoticia.com.br\/noticia\/?p=107263"},"modified":"2017-02-19T18:03:33","modified_gmt":"2017-02-19T21:03:33","slug":"serie-ciencia-explica-leva-conceitos-cientificos-as-criancas","status":"publish","type":"post","link":"https:\/\/www.redenoticia.com.br\/noticia\/2017\/serie-ciencia-explica-leva-conceitos-cientificos-as-criancas\/107263","title":{"rendered":"S\u00e9rie Ci\u00eancia Explica leva conceitos cient\u00edficos \u00e0s crian\u00e7as"},"content":{"rendered":"<p> Ag\u00eancia FAPESP \u2013 O Laborat\u00f3rio Aberto de Interatividade para a Dissemina\u00e7\u00e3o do Conhecimento Cient\u00edfico e Tecnol\u00f3gico (LAbI) da Universidade Federal de S\u00e3o Carlos (UFSCar) lan\u00e7ou a s\u00e9rie de videocasts \u201c\u201d, que tem o objetivo de abordar conceitos cient\u00edficos junto \u00e0s crian\u00e7as.<\/p>\n<p>O projeto \u201cCi\u00eancia Explica\u201d, uma parceria do LAbI com o Centro de Desenvolvimento de Materiais Funcionais (), um dos Centros de Pesquisa, Inova\u00e7\u00e3o e Difus\u00e3o () da FAPESP, tamb\u00e9m \u00e9 exibido na  da revista Galileu no Facebook.<\/p>\n<p>Com 11 epis\u00f3dios j\u00e1 veiculados, cada um com cerca de um minuto, a s\u00e9rie \u201cCi\u00eancia Explica\u201d parte de perguntas como \u201cPor que soltamos fuma\u00e7a pela boca quando est\u00e1 frio?\u201d, \u201cComo surge o bolor no p\u00e3o?\u201d e \u201cPorque choramos quando cortamos cebola?\u201d. As respostas s\u00e3o apresentadas na forma de anima\u00e7\u00f5es com desenhos feitos \u00e0 m\u00e3o, em geral sugerindo que as crian\u00e7as busquem mais informa\u00e7\u00f5es junto aos seus professores.<\/p>\n<p>\u201cA ideia \u00e9 aproveitar a curiosidade pr\u00f3pria das crian\u00e7as para, aos poucos, ir apresentando novos conceitos e conhecimentos. O projeto, como todas as iniciativas do LAbI, parte da compreens\u00e3o de que escola e divulga\u00e7\u00e3o cient\u00edfica s\u00e3o \u2013 e devem sempre ser \u2013 espa\u00e7os complementares de acesso \u00e0 Ci\u00eancia\u201d, disse T\u00e1rcio Minto Fabr\u00edcio, coordenador de Conte\u00fado do Laborat\u00f3rio, idealizador e diretor geral da s\u00e9rie \u00e0 Assessoria de Comunica\u00e7\u00e3o do CDMF.<\/p>\n<p>Os roteiros, dire\u00e7\u00e3o de arte e desenhos s\u00e3o de Anne Lodi (estudante do curso de gradua\u00e7\u00e3o em Imagem e Som da UFSCar e bolsista do LAbI), com participa\u00e7\u00e3o tamb\u00e9m de Rafael Sim\u00f5es (capta\u00e7\u00e3o, edi\u00e7\u00e3o, finaliza\u00e7\u00e3o, sonoplastia e dire\u00e7\u00e3o executiva) e de Mario Gon\u00e7alves Neto (dire\u00e7\u00e3o executiva), ambos coordenadores de audiovisual do Laborat\u00f3rio.<\/p>\n<p>A s\u00e9rie pode ser acessada no endere\u00e7o .<\/p>\n<p>Outras iniciativas de divulga\u00e7\u00e3o do conhecimento cient\u00edfico e tecnol\u00f3gico em v\u00eddeos realizadas pelo LAbI podem ser conferidas em .<\/p>\n","protected":false},"excerpt":{"rendered":"<p>Ag\u00eancia FAPESP \u2013 O Laborat\u00f3rio Aberto de Interatividade para a Dissemina\u00e7\u00e3o do Conhecimento Cient\u00edfico e Tecnol\u00f3gico (LAbI) da Universidade Federal de S\u00e3o Carlos (UFSCar) lan\u00e7ou a s\u00e9rie de videocasts \u201c\u201d, que tem o objetivo de abordar conceitos cient\u00edficos junto \u00e0s crian\u00e7as. O projeto \u201cCi\u00eancia Explica\u201d, uma parceria do LAbI com o Centro de Desenvolvimento de [&hellip;]<\/p>\n","protected":false},"author":2,"featured_media":57577,"comment_status":"open","ping_status":"closed","sticky":false,"template":"","format":"standard","meta":{"_genesis_hide_title":false,"_genesis_hide_breadcrumbs":false,"_genesis_hide_singular_image":false,"_genesis_hide_footer_widgets":false,"_genesis_custom_body_class":"","_genesis_custom_post_class":"","_genesis_layout":"","_jetpack_memberships_contains_paid_content":false,"footnotes":""},"categories":[22],"tags":[],"class_list":{"0":"post-107263","1":"post","2":"type-post","3":"status-publish","4":"format-standard","5":"has-post-thumbnail","7":"category-brasil","8":"entry","9":"gs-1","10":"gs-odd","11":"gs-even","12":"gs-featured-content-entry"},"jetpack_featured_media_url":"https:\/\/www.redenoticia.com.br\/noticia\/imagens\/tecnologia-inscricao.jpg","jetpack_sharing_enabled":true,"jetpack_likes_enabled":true,"_links":{"self":[{"href":"https:\/\/www.redenoticia.com.br\/noticia\/wp-json\/wp\/v2\/posts\/107263","targetHints":{"allow":["GET"]}}],"collection":[{"href":"https:\/\/www.redenoticia.com.br\/noticia\/wp-json\/wp\/v2\/posts"}],"about":[{"href":"https:\/\/www.redenoticia.com.br\/noticia\/wp-json\/wp\/v2\/types\/post"}],"author":[{"embeddable":true,"href":"https:\/\/www.redenoticia.com.br\/noticia\/wp-json\/wp\/v2\/users\/2"}],"replies":[{"embeddable":true,"href":"https:\/\/www.redenoticia.com.br\/noticia\/wp-json\/wp\/v2\/comments?post=107263"}],"version-history":[{"count":0,"href":"https:\/\/www.redenoticia.com.br\/noticia\/wp-json\/wp\/v2\/posts\/107263\/revisions"}],"wp:featuredmedia":[{"embeddable":true,"href":"https:\/\/www.redenoticia.com.br\/noticia\/wp-json\/wp\/v2\/media\/57577"}],"wp:attachment":[{"href":"https:\/\/www.redenoticia.com.br\/noticia\/wp-json\/wp\/v2\/media?parent=107263"}],"wp:term":[{"taxonomy":"category","embeddable":true,"href":"https:\/\/www.redenoticia.com.br\/noticia\/wp-json\/wp\/v2\/categories?post=107263"},{"taxonomy":"post_tag","embeddable":true,"href":"https:\/\/www.redenoticia.com.br\/noticia\/wp-json\/wp\/v2\/tags?post=107263"}],"curies":[{"name":"wp","href":"https:\/\/api.w.org\/{rel}","templated":true}]}}