{"id":10725,"date":"2009-09-04T16:01:32","date_gmt":"2009-09-04T20:01:32","guid":{"rendered":"http:\/\/www.redenoticia.com.br\/noticia\/?p=10725"},"modified":"2009-09-06T23:30:59","modified_gmt":"2009-09-07T03:30:59","slug":"ana-hickmann-mostra-a-primeira-parte-de-sua-aventura-na-republica-dominicana","status":"publish","type":"post","link":"https:\/\/www.redenoticia.com.br\/noticia\/2009\/ana-hickmann-mostra-a-primeira-parte-de-sua-aventura-na-republica-dominicana\/10725","title":{"rendered":"Ana Hickmann mostra a primeira parte de sua aventura na Rep\u00fablica Dominicana"},"content":{"rendered":"<p><strong><a href=\"https:\/\/www.redenoticia.com.br\/noticia\/imagens\/\/ana3.jpg\"><img loading=\"lazy\" decoding=\"async\" class=\"alignleft size-medium wp-image-10726\" title=\"ana\" src=\"https:\/\/www.redenoticia.com.br\/noticia\/imagens\/\/ana3-249x187.jpg\" alt=\"ana\" width=\"249\" height=\"187\" srcset=\"https:\/\/www.redenoticia.com.br\/noticia\/imagens\/ana3-249x187.jpg 249w, https:\/\/www.redenoticia.com.br\/noticia\/imagens\/ana3-250x187.jpg 250w, https:\/\/www.redenoticia.com.br\/noticia\/imagens\/ana3.jpg 400w, https:\/\/www.redenoticia.com.br\/noticia\/imagens\/ana3-150x113.jpg 150w, https:\/\/www.redenoticia.com.br\/noticia\/imagens\/ana3-265x198.jpg 265w, https:\/\/www.redenoticia.com.br\/noticia\/imagens\/ana3-149x112.jpg 149w\" sizes=\"auto, (max-width: 249px) 100vw, 249px\" \/><\/a>Ana Hickmann<\/strong> &#8211;\u00a0Neste domingo, 05\/09, o <strong>Tudo \u00e9 Poss\u00edvel<\/strong> exibe a primeira parte da aventura de Ana Hickmann na Rep\u00fablica Dominicana. Os telespectadores v\u00e3o conhecer o lado corajoso e radical da Ana. O destino escolhido foi Punta Cana, com suas praias paradis\u00edacas formadas por quil\u00f4metros de areias branqu\u00edssimas e mar azul. A apresentadora do Tudo \u00e9 Poss\u00edvel prova que descansar \u00e9 a \u00faltima coisa que se faz naquele para\u00edso. Ela aproveitou para encarar in\u00fameras aventuras em meio \u00e0 natureza que o local oferece.<\/p>\n<p>O primeiro desafio foi um mergulho com moto. Em pleno alto-mar, Ana fez um passeio de moto embaixo d&#8217;\u00e1gua, onde alimentou os peixes, pegou em ouri\u00e7os e assistiu de perto todas as esp\u00e9cies marinhas que se escondem naquelas \u00e1guas cristalinas.\u00a0Em seguida, deu uma verdadeira demonstra\u00e7\u00e3o de coragem ao encarar um voo de parasailing, um paraquedas com cadeirinha preso a uma lancha atrav\u00e9s de uma corda. Com o movimento da lancha, o paraquedas sobe, chegando a atingir uma altura de 90 metros. E ao final, Ana se aventura num mergulho com arraias e tubar\u00f5es.<\/p>\n<p>Outro destaque da semana \u00e9 o grande encontro do cantor Reginaldo Rossi com seu &#8220;irm\u00e3o&#8221; Regivaldo Tossi (Shaolin). Os dois deixam a &#8220;emo\u00e7\u00e3o&#8221; aflorar e cantam juntos os sucessos de Reginaldo.<\/p>\n<p>Pen\u00e9lope, a cachorrinha da Ana, segue \u00e0 procura de um namorado. Neste domingo, tr\u00eas pretendentes estar\u00e3o no palco para conhec\u00ea-la, mas somente um ser\u00e1 classificado. As inscri\u00e7\u00f5es para os interessados ao posto de &#8220;genro&#8221; da apresentadora continuam abertas no site www.rederecord.com.br\/tudoepossivel. Os c\u00e3es devem ser da ra\u00e7a chihuahua pelo longo.<\/p>\n<p>A &#8220;estrela&#8221; Xoelma foi at\u00e9 Macei\u00f3 (AL) visitar a &#8220;Feira do Rato&#8221;, um local onde se vende de tudo. O curioso \u00e9 que, de duas em duas horas, um trem passa bem no meio da feira e os vendedores precisam correr com as mercadorias.<\/p>\n<p>No Debaixo do Chuveiro, as crian\u00e7as mostram talento e a plateia decide se o show vale pr\u00eamio em dinheiro ou uma chuveirada.<\/p>\n<p>E mais: o divertido desafio do Aquabol e o quadro Essa Moda Pega?, com o artista pl\u00e1stico W. Ver\u00edssimo, que retrata em corpos humanos os monstros mais famosos e horripilantes do cinema mundial.<\/p>\n<p>Tudo \u00e9 Poss\u00edvel &#8211; Ana Hickmann<\/p>\n","protected":false},"excerpt":{"rendered":"<p>Ana Hickmann &#8211;\u00a0Neste domingo, 05\/09, o Tudo \u00e9 Poss\u00edvel exibe a primeira parte da aventura de Ana Hickmann na Rep\u00fablica Dominicana. Os telespectadores v\u00e3o conhecer o lado corajoso e radical da Ana. O destino escolhido foi Punta Cana, com suas praias paradis\u00edacas formadas por quil\u00f4metros de areias branqu\u00edssimas e mar azul. A apresentadora do Tudo [&hellip;]<\/p>\n","protected":false},"author":3,"featured_media":0,"comment_status":"open","ping_status":"open","sticky":false,"template":"","format":"standard","meta":{"_genesis_hide_title":false,"_genesis_hide_breadcrumbs":false,"_genesis_hide_singular_image":false,"_genesis_hide_footer_widgets":false,"_genesis_custom_body_class":"","_genesis_custom_post_class":"","_genesis_layout":"","_jetpack_memberships_contains_paid_content":false,"footnotes":""},"categories":[22,343],"tags":[],"class_list":{"0":"post-10725","1":"post","2":"type-post","3":"status-publish","4":"format-standard","6":"category-brasil","7":"category-televisao","8":"entry","9":"has-post-thumbnail","10":"gs-1","11":"gs-odd","12":"gs-even","13":"gs-featured-content-entry"},"jetpack_featured_media_url":"","jetpack_sharing_enabled":true,"jetpack_likes_enabled":true,"_links":{"self":[{"href":"https:\/\/www.redenoticia.com.br\/noticia\/wp-json\/wp\/v2\/posts\/10725","targetHints":{"allow":["GET"]}}],"collection":[{"href":"https:\/\/www.redenoticia.com.br\/noticia\/wp-json\/wp\/v2\/posts"}],"about":[{"href":"https:\/\/www.redenoticia.com.br\/noticia\/wp-json\/wp\/v2\/types\/post"}],"author":[{"embeddable":true,"href":"https:\/\/www.redenoticia.com.br\/noticia\/wp-json\/wp\/v2\/users\/3"}],"replies":[{"embeddable":true,"href":"https:\/\/www.redenoticia.com.br\/noticia\/wp-json\/wp\/v2\/comments?post=10725"}],"version-history":[{"count":0,"href":"https:\/\/www.redenoticia.com.br\/noticia\/wp-json\/wp\/v2\/posts\/10725\/revisions"}],"wp:attachment":[{"href":"https:\/\/www.redenoticia.com.br\/noticia\/wp-json\/wp\/v2\/media?parent=10725"}],"wp:term":[{"taxonomy":"category","embeddable":true,"href":"https:\/\/www.redenoticia.com.br\/noticia\/wp-json\/wp\/v2\/categories?post=10725"},{"taxonomy":"post_tag","embeddable":true,"href":"https:\/\/www.redenoticia.com.br\/noticia\/wp-json\/wp\/v2\/tags?post=10725"}],"curies":[{"name":"wp","href":"https:\/\/api.w.org\/{rel}","templated":true}]}}