{"id":10714,"date":"2009-09-04T15:49:16","date_gmt":"2009-09-04T19:49:16","guid":{"rendered":"http:\/\/www.redenoticia.com.br\/noticia\/?p=10714"},"modified":"2009-09-04T15:49:16","modified_gmt":"2009-09-04T19:49:16","slug":"oi-fashion-rocks-anuncia-novas-atracoes","status":"publish","type":"post","link":"https:\/\/www.redenoticia.com.br\/noticia\/2009\/oi-fashion-rocks-anuncia-novas-atracoes\/10714","title":{"rendered":"OI Fashion Rocks anuncia novas atra\u00e7\u00f5es"},"content":{"rendered":"<p>O Oi Fashion Rocks continua incrementado sua incr\u00edvel lista de estilistas e artistas nacionais e internacionais. Este time se apresenta em uma espetacular noite de moda e m\u00fasica, no evento que acontece pela primeira vez no Brasil. Oi Fashion Rocks ser\u00e1 no Jockey Club do Rio de Janeiro, no dia 24 de outubro.<\/p>\n<p>As novas atra\u00e7\u00f5es musicais que chegam para integrar o line-up do evento s\u00e3o o astro americano, cantor, produtor, m\u00fasico e\u00a0<em>fashion designer<\/em> <strong>Pharrell Williams<\/strong>, que entrar\u00e1 no palco ao lado de sua banda, N*E*R*D; a atitude do rock brasileiro na voz marcante de\u00a0<strong>Lulu Santos<\/strong>; bem como o pop de\u00a0<strong>Wanessa<\/strong>, que far\u00e1 dobradinha com o rapper\u00a0<strong>JaRule.<\/strong> J\u00e1 na moda, a marca internacionalmente reconhecida\u00a0<strong>Calvin Klein Collection<\/strong> e\u00a0<strong>Givenchy<\/strong> finalizam o line up.<strong> <\/strong><\/p>\n<p>O Oi Fashion Rocks ainda apresenta\u00a0<strong>Marc Jacobs<\/strong> e\u00a0<strong>Versace<\/strong>, assim como os brasileiros\u00a0<strong>Lino Villaventura<\/strong>,\u00a0<strong>Andr\u00e9 Lima<\/strong>,\u00a0<strong>Lenny<\/strong> e\u00a0<strong>Alexandre Herchcovitch<\/strong> e performance de\u00a0<strong>Mariah Carey.<\/strong> Outras quarto atra\u00e7\u00f5es, (duas nacionais e duas internacionais) ser\u00e3o anunciadas em breve.<\/p>\n<p>&#8220;Como brasileiro, atuando em uma marca americana globalmente reconhecida, estou entusiasmado por apresentar a Calvin Klein Collection no Oi Fashion Rocks no Rio. A apresenta\u00e7\u00e3o de um grupo de designers nacionais e internacionais e suas performances far\u00e3o desta uma noite inesquec\u00edvel\u201d, comentou Francisco Costa, diretor de Cria\u00e7\u00e3o Feminina da Calvin Klein Collection.<\/p>\n<p>O cen\u00e1rio ser\u00e1 o Jockey Club do Rio de Janeiro, que vai abrigar uma arena de cerca de 10 mil metros quadrados para receber cinco mil pessoas. Os ingressos come\u00e7am a ser vendidos a partir do pr\u00f3ximo dia\u00a010\u00a0de setembro, atrav\u00e9s do\u00a0<a title=\"http:\/\/www.oifashionrocks.com.br\/\" href=\"http:\/\/www.oifashionrocks.com.br\/\" target=\"_blank\">www.oifashionrocks.com.br<\/a>.<\/p>\n","protected":false},"excerpt":{"rendered":"<p>O Oi Fashion Rocks continua incrementado sua incr\u00edvel lista de estilistas e artistas nacionais e internacionais. Este time se apresenta em uma espetacular noite de moda e m\u00fasica, no evento que acontece pela primeira vez no Brasil. Oi Fashion Rocks ser\u00e1 no Jockey Club do Rio de Janeiro, no dia 24 de outubro. As novas [&hellip;]<\/p>\n","protected":false},"author":2,"featured_media":0,"comment_status":"open","ping_status":"open","sticky":false,"template":"","format":"standard","meta":{"_genesis_hide_title":false,"_genesis_hide_breadcrumbs":false,"_genesis_hide_singular_image":false,"_genesis_hide_footer_widgets":false,"_genesis_custom_body_class":"","_genesis_custom_post_class":"","_genesis_layout":"","_jetpack_memberships_contains_paid_content":false,"footnotes":""},"categories":[22],"tags":[],"class_list":{"0":"post-10714","1":"post","2":"type-post","3":"status-publish","4":"format-standard","6":"category-brasil","7":"entry","8":"gs-1","9":"gs-odd","10":"gs-even","11":"gs-featured-content-entry"},"jetpack_featured_media_url":"","jetpack_sharing_enabled":true,"jetpack_likes_enabled":true,"_links":{"self":[{"href":"https:\/\/www.redenoticia.com.br\/noticia\/wp-json\/wp\/v2\/posts\/10714","targetHints":{"allow":["GET"]}}],"collection":[{"href":"https:\/\/www.redenoticia.com.br\/noticia\/wp-json\/wp\/v2\/posts"}],"about":[{"href":"https:\/\/www.redenoticia.com.br\/noticia\/wp-json\/wp\/v2\/types\/post"}],"author":[{"embeddable":true,"href":"https:\/\/www.redenoticia.com.br\/noticia\/wp-json\/wp\/v2\/users\/2"}],"replies":[{"embeddable":true,"href":"https:\/\/www.redenoticia.com.br\/noticia\/wp-json\/wp\/v2\/comments?post=10714"}],"version-history":[{"count":0,"href":"https:\/\/www.redenoticia.com.br\/noticia\/wp-json\/wp\/v2\/posts\/10714\/revisions"}],"wp:attachment":[{"href":"https:\/\/www.redenoticia.com.br\/noticia\/wp-json\/wp\/v2\/media?parent=10714"}],"wp:term":[{"taxonomy":"category","embeddable":true,"href":"https:\/\/www.redenoticia.com.br\/noticia\/wp-json\/wp\/v2\/categories?post=10714"},{"taxonomy":"post_tag","embeddable":true,"href":"https:\/\/www.redenoticia.com.br\/noticia\/wp-json\/wp\/v2\/tags?post=10714"}],"curies":[{"name":"wp","href":"https:\/\/api.w.org\/{rel}","templated":true}]}}