{"id":107136,"date":"2017-02-17T01:07:15","date_gmt":"2017-02-17T03:07:15","guid":{"rendered":"http:\/\/www.redenoticia.com.br\/noticia\/?p=107136"},"modified":"2017-02-16T23:57:04","modified_gmt":"2017-02-17T01:57:04","slug":"mais-de-192-mil-pessoas-deixam-planos-de-saude-em-janeiro","status":"publish","type":"post","link":"https:\/\/www.redenoticia.com.br\/noticia\/2017\/mais-de-192-mil-pessoas-deixam-planos-de-saude-em-janeiro\/107136","title":{"rendered":"Mais de 192 mil pessoas deixam planos de sa\u00fade em janeiro"},"content":{"rendered":"<p> Pelo quinto m\u00eas consecutivo, em janeiro, os <em><strong>planos de sa\u00fade<\/strong><\/em> registraram queda do n\u00famero de benefici\u00e1rios. Segundo dados da Ag\u00eancia Nacional de Sa\u00fade Suplementar (ANS), o total de benefici\u00e1rios dos planos de sa\u00fade no primeiro m\u00eas do ano ficou em 47.592.368, uma queda 192,2 mil benefici\u00e1rios, ou 0,4%. Desde agosto do ano passado, os planos de sa\u00fade do pa\u00eds v\u00eam perdendo clientes.<\/p>\n<p>J\u00e1 em rela\u00e7\u00e3o aos planos exclusivamente odontol\u00f3gicos, o levantamento feito pela ANS, mostra que houve aumento de aproximadamente 169 mil benefici\u00e1rios, totalizando 22.209.112 usu\u00e1rios desse tipo de planos em janeiro. Alta de 0,77% na compara\u00e7\u00e3o com os 22.040.120 que tinham planos odontol\u00f3gicos em dezembro do ano passado.<\/p>\n<p>Segundo a ANS, nove estados apresentaram aumento de benefici\u00e1rios em planos de assist\u00eancia m\u00e9dica na compara\u00e7\u00e3o com dezembro: Acre, Cear\u00e1, Esp\u00edrito Santo, Maranh\u00e3o, Mato Grosso, Pernambuco, Piau\u00ed, Roraima e Sergipe.<\/p>\n<p>Os planos coletivos (38.007.221) lideram o total de contrata\u00e7\u00f5es dos planos de sa\u00fade, seguido pelos coletivo empresarial (31.534.854), individual ou familiar (9.364.517) e os coletivos por ades\u00e3o (6.463.205)<\/p>\n<p>De acordo com a ANS, em janeiro, a taxa de cobertura dos planos de sa\u00fade privados era de 24,54% da popula\u00e7\u00e3o. Ao todo, 818 operadoras estavam em atividade e elas disponibilizaram 17.786 planos.<\/p>\n<p>L\u00edder do mercado, a Amil registrou, em janeiro, queda de 0,34% no n\u00famero de benefici\u00e1rios. A Bradesco Sa\u00fade, segunda no ranking, tamb\u00e9m teve varia\u00e7\u00e3o negativa no primeiro m\u00eas do ano. J\u00e1 a Hapvida, a Notre Dame Interm\u00e9dica Sa\u00fade e a Sul Am\u00e9rica, terceira, quarta e quinta do ranking dos planos de sa\u00fade, aumentaram o n\u00famero de benefici\u00e1rios no m\u00eas de janeiro.<\/p>\n<p>Ivan Richard Esposito &#8211; Rep\u00f3rter da Ag\u00eancia Brasil<br \/>\nEdi\u00e7\u00e3o: F\u00e1bio Massalli<br \/>\n17\/02\/2017<\/p>\n","protected":false},"excerpt":{"rendered":"<p>Pelo quinto m\u00eas consecutivo, em janeiro, os planos de sa\u00fade registraram queda do n\u00famero de benefici\u00e1rios. Segundo dados da Ag\u00eancia Nacional de Sa\u00fade Suplementar (ANS), o total de benefici\u00e1rios dos planos de sa\u00fade no primeiro m\u00eas do ano ficou em 47.592.368, uma queda 192,2 mil benefici\u00e1rios, ou 0,4%. Desde agosto do ano passado, os planos [&hellip;]<\/p>\n","protected":false},"author":2,"featured_media":57585,"comment_status":"open","ping_status":"closed","sticky":false,"template":"","format":"standard","meta":{"_genesis_hide_title":false,"_genesis_hide_breadcrumbs":false,"_genesis_hide_singular_image":false,"_genesis_hide_footer_widgets":false,"_genesis_custom_body_class":"","_genesis_custom_post_class":"","_genesis_layout":"","_jetpack_memberships_contains_paid_content":false,"footnotes":""},"categories":[22,7],"tags":[],"class_list":{"0":"post-107136","1":"post","2":"type-post","3":"status-publish","4":"format-standard","5":"has-post-thumbnail","7":"category-brasil","8":"category-economia","9":"entry","10":"gs-1","11":"gs-odd","12":"gs-even","13":"gs-featured-content-entry"},"jetpack_featured_media_url":"https:\/\/www.redenoticia.com.br\/noticia\/imagens\/analise-economia.jpg","jetpack_sharing_enabled":true,"jetpack_likes_enabled":true,"_links":{"self":[{"href":"https:\/\/www.redenoticia.com.br\/noticia\/wp-json\/wp\/v2\/posts\/107136","targetHints":{"allow":["GET"]}}],"collection":[{"href":"https:\/\/www.redenoticia.com.br\/noticia\/wp-json\/wp\/v2\/posts"}],"about":[{"href":"https:\/\/www.redenoticia.com.br\/noticia\/wp-json\/wp\/v2\/types\/post"}],"author":[{"embeddable":true,"href":"https:\/\/www.redenoticia.com.br\/noticia\/wp-json\/wp\/v2\/users\/2"}],"replies":[{"embeddable":true,"href":"https:\/\/www.redenoticia.com.br\/noticia\/wp-json\/wp\/v2\/comments?post=107136"}],"version-history":[{"count":0,"href":"https:\/\/www.redenoticia.com.br\/noticia\/wp-json\/wp\/v2\/posts\/107136\/revisions"}],"wp:featuredmedia":[{"embeddable":true,"href":"https:\/\/www.redenoticia.com.br\/noticia\/wp-json\/wp\/v2\/media\/57585"}],"wp:attachment":[{"href":"https:\/\/www.redenoticia.com.br\/noticia\/wp-json\/wp\/v2\/media?parent=107136"}],"wp:term":[{"taxonomy":"category","embeddable":true,"href":"https:\/\/www.redenoticia.com.br\/noticia\/wp-json\/wp\/v2\/categories?post=107136"},{"taxonomy":"post_tag","embeddable":true,"href":"https:\/\/www.redenoticia.com.br\/noticia\/wp-json\/wp\/v2\/tags?post=107136"}],"curies":[{"name":"wp","href":"https:\/\/api.w.org\/{rel}","templated":true}]}}