{"id":107132,"date":"2017-02-17T01:05:22","date_gmt":"2017-02-17T03:05:22","guid":{"rendered":"http:\/\/www.redenoticia.com.br\/noticia\/?p=107132"},"modified":"2017-02-16T23:55:15","modified_gmt":"2017-02-17T01:55:15","slug":"osesp-apresenta-concerto-na-sala-sao-paulo-a-precos-populares","status":"publish","type":"post","link":"https:\/\/www.redenoticia.com.br\/noticia\/2017\/osesp-apresenta-concerto-na-sala-sao-paulo-a-precos-populares\/107132","title":{"rendered":"Osesp apresenta concerto na Sala S\u00e3o Paulo a pre\u00e7os populares"},"content":{"rendered":"<p> Interessados em conhecer a arquitetura suntuosa da Sala S\u00e3o Paulo e ver um <em><strong>concerto apresentado pela Osesp a pre\u00e7os populares<\/strong> <\/em>j\u00e1 podem reservar assento. Ser\u00e3o duas apresenta\u00e7\u00f5es: dias 23 e 24 de fevereiro (quinta e sexta, \u00e0s 19h30).<\/p>\n<p>Os espet\u00e1culos antecedem a abertura oficial da Temporada 2017. A Osesp estar\u00e1 sob a reg\u00eancia de\u00a0\u00a0e apresentar\u00e1 ao p\u00fablico a \u201cSinfonia n\u00ba 2\u201d de Villa-Lobos.<\/p>\n<p>Os ensaios e concertos ser\u00e3o gravados para futuro lan\u00e7amento em CD. Estas s\u00e3o as \u00faltimas grava\u00e7\u00f5es do projeto que recuperou e gravou integralmente as sinfonias do compositor.<\/p>\n<p>Compre seu ingresso !<\/p>\n<p>SERVI\u00c7O:<br \/>\nSala S\u00e3o Paulo (Pra\u00e7a J\u00falio Prestes, 16 \u2013 Campos El\u00edseos, S\u00e3o Paulo)<br \/>\nDias 23 e 24 de fevereiro [qui e sex, \u00e0s 19h30]<\/p>\n<p>Do Portal do Governo SP<\/p>\n","protected":false},"excerpt":{"rendered":"<p>Interessados em conhecer a arquitetura suntuosa da Sala S\u00e3o Paulo e ver um concerto apresentado pela Osesp a pre\u00e7os populares j\u00e1 podem reservar assento. Ser\u00e3o duas apresenta\u00e7\u00f5es: dias 23 e 24 de fevereiro (quinta e sexta, \u00e0s 19h30). Os espet\u00e1culos antecedem a abertura oficial da Temporada 2017. A Osesp estar\u00e1 sob a reg\u00eancia de\u00a0\u00a0e apresentar\u00e1 [&hellip;]<\/p>\n","protected":false},"author":2,"featured_media":28951,"comment_status":"open","ping_status":"closed","sticky":false,"template":"","format":"standard","meta":{"_genesis_hide_title":false,"_genesis_hide_breadcrumbs":false,"_genesis_hide_singular_image":false,"_genesis_hide_footer_widgets":false,"_genesis_custom_body_class":"","_genesis_custom_post_class":"","_genesis_layout":"","_jetpack_memberships_contains_paid_content":false,"footnotes":""},"categories":[22],"tags":[],"class_list":{"0":"post-107132","1":"post","2":"type-post","3":"status-publish","4":"format-standard","5":"has-post-thumbnail","7":"category-brasil","8":"entry","9":"gs-1","10":"gs-odd","11":"gs-even","12":"gs-featured-content-entry"},"jetpack_featured_media_url":"https:\/\/www.redenoticia.com.br\/noticia\/imagens\/concurso-inscricao-vagas-ate.jpg","jetpack_sharing_enabled":true,"jetpack_likes_enabled":true,"_links":{"self":[{"href":"https:\/\/www.redenoticia.com.br\/noticia\/wp-json\/wp\/v2\/posts\/107132","targetHints":{"allow":["GET"]}}],"collection":[{"href":"https:\/\/www.redenoticia.com.br\/noticia\/wp-json\/wp\/v2\/posts"}],"about":[{"href":"https:\/\/www.redenoticia.com.br\/noticia\/wp-json\/wp\/v2\/types\/post"}],"author":[{"embeddable":true,"href":"https:\/\/www.redenoticia.com.br\/noticia\/wp-json\/wp\/v2\/users\/2"}],"replies":[{"embeddable":true,"href":"https:\/\/www.redenoticia.com.br\/noticia\/wp-json\/wp\/v2\/comments?post=107132"}],"version-history":[{"count":0,"href":"https:\/\/www.redenoticia.com.br\/noticia\/wp-json\/wp\/v2\/posts\/107132\/revisions"}],"wp:featuredmedia":[{"embeddable":true,"href":"https:\/\/www.redenoticia.com.br\/noticia\/wp-json\/wp\/v2\/media\/28951"}],"wp:attachment":[{"href":"https:\/\/www.redenoticia.com.br\/noticia\/wp-json\/wp\/v2\/media?parent=107132"}],"wp:term":[{"taxonomy":"category","embeddable":true,"href":"https:\/\/www.redenoticia.com.br\/noticia\/wp-json\/wp\/v2\/categories?post=107132"},{"taxonomy":"post_tag","embeddable":true,"href":"https:\/\/www.redenoticia.com.br\/noticia\/wp-json\/wp\/v2\/tags?post=107132"}],"curies":[{"name":"wp","href":"https:\/\/api.w.org\/{rel}","templated":true}]}}