{"id":10695,"date":"2009-09-03T22:24:17","date_gmt":"2009-09-04T02:24:17","guid":{"rendered":"http:\/\/www.redenoticia.com.br\/noticia\/?p=10695"},"modified":"2009-09-03T22:24:17","modified_gmt":"2009-09-04T02:24:17","slug":"ms-comunica-que-nao-proibiu-a-venda-de-remedio-contra-a-influenza-a-h1n1","status":"publish","type":"post","link":"https:\/\/www.redenoticia.com.br\/noticia\/2009\/ms-comunica-que-nao-proibiu-a-venda-de-remedio-contra-a-influenza-a-h1n1\/10695","title":{"rendered":"MS comunica que n\u00e3o proibiu a venda de rem\u00e9dio contra a Influenza A &#8211; H1N1"},"content":{"rendered":"<p>Com rela\u00e7\u00e3o \u00e0 distribui\u00e7\u00e3o do medicamento fosfato de oseltamivir para o tratamento da <strong>gripe A (H1N1)<\/strong>, o Minist\u00e9rio da Sa\u00fade volta a esclarecer que:<\/p>\n<p><strong><span style=\"text-decoration: underline;\">N\u00e3o h\u00e1 proibi\u00e7\u00e3o da venda do medicamento nas farm\u00e1cias brasileiras.<\/span><\/strong> O fato \u00e9 que o \u00fanico laborat\u00f3rio fabricante do medicamento, o Roche, deu prioridade aos pedidos de compra feitos pelo Minist\u00e9rio da Sa\u00fade, assim como fizeram os governos de outros pa\u00edses e a pr\u00f3pria Organiza\u00e7\u00e3o Mundial da Sa\u00fade (OMS). Essa medida \u00e9 necess\u00e1ria para que o governo federal cumpra a sua miss\u00e3o de oferecer o medicamento\u00a0<strong><span style=\"text-decoration: underline;\">GRATUITAMENTE<\/span><\/strong> \u00e0 popula\u00e7\u00e3o em caso de necessidade.<\/p>\n<p>2.\u00a0\u00a0\u00a0\u00a0\u00a0\u00a0\u00a0Conforme a pr\u00f3pria fabricante informou em nota divulgada no \u00faltimo dia 23 de julho:<\/p>\n<p><em> <\/em><\/p>\n<p><em>\u201cA Roche reitera seu compromisso com o Minist\u00e9rio da Sa\u00fade, a Organiza\u00e7\u00e3o Mundial de Sa\u00fade (OMS) e v\u00e1rios governos em todo mundo, para disponibilizar \u00e0s autoridades o medicamento indicado para o tratamento da gripe A (H1N1). [&#8230;]Esta conduta obedece a uma orienta\u00e7\u00e3o do plano de conting\u00eancia da pr\u00f3pria OMS, que prioriza o abastecimento dos governos em situa\u00e7\u00f5es de emerg\u00eancia. A Roche, comprometida em atender todos os pedidos do Minist\u00e9rio da Sa\u00fade, vem direcionando toda sua produ\u00e7\u00e3o a ele.\u00a0<strong>Os estoques s\u00f3 voltar\u00e3o a ser repostos nos estabelecimentos comerciais ap\u00f3s suprimento desta necessidade principal\u201d <\/strong><\/em><strong>(grifo nosso)<\/strong><em>.<\/em><\/p>\n<p><em> <\/em><\/p>\n<p>A \u00edntegra da nota est\u00e1 dispon\u00edvel no link\u00a0<a title=\"http:\/\/www.roche.com.br\/noticias\/Influenza_Suina_PT.htm\" href=\"http:\/\/www.roche.com.br\/noticias\/Influenza_Suina_PT.htm\" target=\"_blank\">http:\/\/www.roche.com.br\/noticias\/Influenza_Suina_PT.htm<\/a><\/p>\n<p><em> <\/em><\/p>\n<p><strong><span style=\"text-decoration: underline;\">N\u00e3o h\u00e1 falta de medicamento para o tratamento da gripe A (H1N1) no Brasil<\/span><\/strong>.<\/p>\n<p>O Minist\u00e9rio da Sa\u00fade encomendou ao laborat\u00f3rio 9 milh\u00f5es de tratamentos, com entrega prevista at\u00e9 maio de 2010.<\/p>\n<p>At\u00e9 o fim de setembro, o laborat\u00f3rio ter\u00e1 entregue ao Minist\u00e9rio mais 800 mil tratamentos, adquiridos em julho.<\/p>\n<p>Entre 25 de abril e 28 de agosto, o Minist\u00e9rio da Sa\u00fade j\u00e1 entregou 756.766 tratamentos \u00e0s Secretarias Estaduais de Sa\u00fade.<\/p>\n<p>Al\u00e9m disso, o pa\u00eds tem em estoque 8,5 milh\u00f5es de tratamentos adquiridos em 2006.<\/p>\n<p>O Minist\u00e9rio da Sa\u00fade adverte a popula\u00e7\u00e3o sobre os riscos da automedica\u00e7\u00e3o. Tomar rem\u00e9dio por conta pr\u00f3pria pode ser prejudicial \u00e0 sa\u00fade, mascarar sintomas e dificultar diagn\u00f3stico. Ao surgirem sintomas de gripe, as pessoas devem procurar o servi\u00e7o de sa\u00fade mais pr\u00f3ximo.<\/p>\n<p>No Brasil, assim como nos Estados Unidos e no Canad\u00e1, as indica\u00e7\u00f5es de uso do oseltamivir seguem as recomenda\u00e7\u00f5es da OMS. Sob avalia\u00e7\u00e3o m\u00e9dica, o medicamento deve ser prescrito para pacientes em estado grave ou pertencente aos grupos de risco: pessoas com doen\u00e7as card\u00edacas, pulmonares, renais e sangu\u00edneas; hipertensos e diab\u00e9ticos; gestantes; pacientes com debilita\u00e7\u00e3o do sistema imunol\u00f3gico, como pessoas em tratamento de c\u00e2ncer e aids; idade menor que 2 e maior que 60 anos; obesidade m\u00f3rbida.<\/p>\n<p>O Minist\u00e9rio da Sa\u00fade reitera que o uso indiscriminado do rem\u00e9dio pode tornar o v\u00edrus mais resistente e abrir caminho para o surgimento de novas cepas, o que traria mais riscos \u00e0 sa\u00fade p\u00fablica. At\u00e9 o dia 21 de agosto, haviam sido relatados \u00e0 OMS 12 casos de resist\u00eancia viral ao oseltamivir: quatro no Jap\u00e3o, dois nos Estados Unidos, dois em Hong Kong, um na Dinamarca, um no Canad\u00e1, um em Cingapura e um na China.<\/p>\n","protected":false},"excerpt":{"rendered":"<p>Com rela\u00e7\u00e3o \u00e0 distribui\u00e7\u00e3o do medicamento fosfato de oseltamivir para o tratamento da gripe A (H1N1), o Minist\u00e9rio da Sa\u00fade volta a esclarecer que: N\u00e3o h\u00e1 proibi\u00e7\u00e3o da venda do medicamento nas farm\u00e1cias brasileiras. O fato \u00e9 que o \u00fanico laborat\u00f3rio fabricante do medicamento, o Roche, deu prioridade aos pedidos de compra feitos pelo Minist\u00e9rio [&hellip;]<\/p>\n","protected":false},"author":2,"featured_media":0,"comment_status":"open","ping_status":"open","sticky":false,"template":"","format":"standard","meta":{"_genesis_hide_title":false,"_genesis_hide_breadcrumbs":false,"_genesis_hide_singular_image":false,"_genesis_hide_footer_widgets":false,"_genesis_custom_body_class":"","_genesis_custom_post_class":"","_genesis_layout":"","_jetpack_memberships_contains_paid_content":false,"footnotes":""},"categories":[22,5],"tags":[],"class_list":{"0":"post-10695","1":"post","2":"type-post","3":"status-publish","4":"format-standard","6":"category-brasil","7":"category-saude-e-vida","8":"entry","9":"gs-1","10":"gs-odd","11":"gs-even","12":"gs-featured-content-entry"},"jetpack_featured_media_url":"","jetpack_sharing_enabled":true,"jetpack_likes_enabled":true,"_links":{"self":[{"href":"https:\/\/www.redenoticia.com.br\/noticia\/wp-json\/wp\/v2\/posts\/10695","targetHints":{"allow":["GET"]}}],"collection":[{"href":"https:\/\/www.redenoticia.com.br\/noticia\/wp-json\/wp\/v2\/posts"}],"about":[{"href":"https:\/\/www.redenoticia.com.br\/noticia\/wp-json\/wp\/v2\/types\/post"}],"author":[{"embeddable":true,"href":"https:\/\/www.redenoticia.com.br\/noticia\/wp-json\/wp\/v2\/users\/2"}],"replies":[{"embeddable":true,"href":"https:\/\/www.redenoticia.com.br\/noticia\/wp-json\/wp\/v2\/comments?post=10695"}],"version-history":[{"count":0,"href":"https:\/\/www.redenoticia.com.br\/noticia\/wp-json\/wp\/v2\/posts\/10695\/revisions"}],"wp:attachment":[{"href":"https:\/\/www.redenoticia.com.br\/noticia\/wp-json\/wp\/v2\/media?parent=10695"}],"wp:term":[{"taxonomy":"category","embeddable":true,"href":"https:\/\/www.redenoticia.com.br\/noticia\/wp-json\/wp\/v2\/categories?post=10695"},{"taxonomy":"post_tag","embeddable":true,"href":"https:\/\/www.redenoticia.com.br\/noticia\/wp-json\/wp\/v2\/tags?post=10695"}],"curies":[{"name":"wp","href":"https:\/\/api.w.org\/{rel}","templated":true}]}}