{"id":106904,"date":"2017-02-15T01:03:09","date_gmt":"2017-02-15T03:03:09","guid":{"rendered":"http:\/\/www.redenoticia.com.br\/noticia\/?p=106904"},"modified":"2017-02-14T20:44:11","modified_gmt":"2017-02-14T22:44:11","slug":"unesp-lanca-edital-para-contratacao-de-professor-substituto-na-area-de-anatomia","status":"publish","type":"post","link":"https:\/\/www.redenoticia.com.br\/noticia\/2017\/unesp-lanca-edital-para-contratacao-de-professor-substituto-na-area-de-anatomia\/106904","title":{"rendered":"Unesp lan\u00e7a edital para contrata\u00e7\u00e3o de professor substituto na \u00e1rea de Anatomia"},"content":{"rendered":"<p> Ag\u00eancia FAPESP \u2013 A Universidade Estadual Paulista (Unesp) abriu inscri\u00e7\u00f5es ao concurso p\u00fablico de provas e t\u00edtulos para a contrata\u00e7\u00e3o de um <em><strong>professor substituto<\/strong><\/em> no conjunto de disciplinas Anatomia Humana; Anatomia Aplicada \u00e0 Enfermagem; Neuroanatomia; Anatomia Comparada; e Neurobiologia, junto ao Departamento de Anatomia do Instituto de Bioci\u00eancias do campus de Botucatu. O prazo de inscri\u00e7\u00e3o encerra em 17 de fevereiro.<\/p>\n<p>A contrata\u00e7\u00e3o, em car\u00e1ter emergencial, cobrir\u00e1 o per\u00edodo relativo ao primeiro semestre de 2017, ter\u00e1 prazo m\u00e1ximo de cinco meses e 12 horas semanais de trabalho. O sal\u00e1rio ser\u00e1 de R$ 1.283,92.<\/p>\n<p>Poder\u00e3o inscrever-se graduados em cursos superiores das grandes \u00e1reas de Ci\u00eancias Biol\u00f3gicas ou Ci\u00eancias da Sa\u00fade, com t\u00edtulo de Mestre na \u00e1rea de Morfologia. Se o selecionado tiver t\u00edtulo superior ao exigido, o sal\u00e1rio corresponder\u00e1 \u00e0 titula\u00e7\u00e3o.<\/p>\n<p>As inscri\u00e7\u00f5es ser\u00e3o recebidas no hor\u00e1rio das 9h \u00e0s 11h e das 14h \u00e0s 17h, na Se\u00e7\u00e3o T\u00e9cnica de Comunica\u00e7\u00f5es do Instituto de Bioci\u00eancias do Campus de Botucatu, \u00e0 rua Professor Doutor Celso Wagner n\u00ba 250, Rubi\u00e3o J\u00fanior, em Botucatu.<\/p>\n<p>Para mais informa\u00e7\u00f5es acesse .<\/p>\n","protected":false},"excerpt":{"rendered":"<p>Ag\u00eancia FAPESP \u2013 A Universidade Estadual Paulista (Unesp) abriu inscri\u00e7\u00f5es ao concurso p\u00fablico de provas e t\u00edtulos para a contrata\u00e7\u00e3o de um professor substituto no conjunto de disciplinas Anatomia Humana; Anatomia Aplicada \u00e0 Enfermagem; Neuroanatomia; Anatomia Comparada; e Neurobiologia, junto ao Departamento de Anatomia do Instituto de Bioci\u00eancias do campus de Botucatu. O prazo de [&hellip;]<\/p>\n","protected":false},"author":2,"featured_media":36246,"comment_status":"open","ping_status":"closed","sticky":false,"template":"","format":"standard","meta":{"_genesis_hide_title":false,"_genesis_hide_breadcrumbs":false,"_genesis_hide_singular_image":false,"_genesis_hide_footer_widgets":false,"_genesis_custom_body_class":"","_genesis_custom_post_class":"","_genesis_layout":"","_jetpack_memberships_contains_paid_content":false,"footnotes":""},"categories":[22,370,353],"tags":[],"class_list":{"0":"post-106904","1":"post","2":"type-post","3":"status-publish","4":"format-standard","5":"has-post-thumbnail","7":"category-brasil","8":"category-inscricao","9":"category-oportunidades","10":"entry","11":"gs-1","12":"gs-odd","13":"gs-even","14":"gs-featured-content-entry"},"jetpack_featured_media_url":"https:\/\/www.redenoticia.com.br\/noticia\/imagens\/professor-a.jpg","jetpack_sharing_enabled":true,"jetpack_likes_enabled":true,"_links":{"self":[{"href":"https:\/\/www.redenoticia.com.br\/noticia\/wp-json\/wp\/v2\/posts\/106904","targetHints":{"allow":["GET"]}}],"collection":[{"href":"https:\/\/www.redenoticia.com.br\/noticia\/wp-json\/wp\/v2\/posts"}],"about":[{"href":"https:\/\/www.redenoticia.com.br\/noticia\/wp-json\/wp\/v2\/types\/post"}],"author":[{"embeddable":true,"href":"https:\/\/www.redenoticia.com.br\/noticia\/wp-json\/wp\/v2\/users\/2"}],"replies":[{"embeddable":true,"href":"https:\/\/www.redenoticia.com.br\/noticia\/wp-json\/wp\/v2\/comments?post=106904"}],"version-history":[{"count":0,"href":"https:\/\/www.redenoticia.com.br\/noticia\/wp-json\/wp\/v2\/posts\/106904\/revisions"}],"wp:featuredmedia":[{"embeddable":true,"href":"https:\/\/www.redenoticia.com.br\/noticia\/wp-json\/wp\/v2\/media\/36246"}],"wp:attachment":[{"href":"https:\/\/www.redenoticia.com.br\/noticia\/wp-json\/wp\/v2\/media?parent=106904"}],"wp:term":[{"taxonomy":"category","embeddable":true,"href":"https:\/\/www.redenoticia.com.br\/noticia\/wp-json\/wp\/v2\/categories?post=106904"},{"taxonomy":"post_tag","embeddable":true,"href":"https:\/\/www.redenoticia.com.br\/noticia\/wp-json\/wp\/v2\/tags?post=106904"}],"curies":[{"name":"wp","href":"https:\/\/api.w.org\/{rel}","templated":true}]}}