{"id":106493,"date":"2017-02-09T01:14:15","date_gmt":"2017-02-09T03:14:15","guid":{"rendered":"http:\/\/www.redenoticia.com.br\/noticia\/?p=106493"},"modified":"2017-02-08T23:15:03","modified_gmt":"2017-02-09T01:15:03","slug":"febre-amarela-ja-provocou-a-morte-de-70-pessoas-em-tres-estados","status":"publish","type":"post","link":"https:\/\/www.redenoticia.com.br\/noticia\/2017\/febre-amarela-ja-provocou-a-morte-de-70-pessoas-em-tres-estados\/106493","title":{"rendered":"Febre amarela j\u00e1 provocou a morte de 70 pessoas em tr\u00eas estados"},"content":{"rendered":"<p> A <strong><em>febre amarela<\/em><\/strong> j\u00e1 provocou a morte de 70 pessoas nos estados de Minas Gerais, do Esp\u00edrito Santo e de S\u00e3o Paulo. Segundo boletim divulgado pelo Minist\u00e9rio da Sa\u00fade, at\u00e9 o momento, 1.060 pacientes apresentaram suspeita da doen\u00e7a nos tr\u00eas estados e tamb\u00e9m na Bahia e no Tocantins. Do total notificado, 215 casos foram confirmados, 765 permanecem sob investiga\u00e7\u00e3o e 80 foram descartados. Das 166 mortes suspeitas da doen\u00e7a registradas at\u00e9 agora, tr\u00eas foram descartadas e 93 ainda est\u00e3o sendo avaliadas.<\/p>\n<p>Minas Gerais \u00e9 o estado com maior n\u00famero de registros de febre amarela, com 903 notifica\u00e7\u00f5es, das quais 191 confirmadas, em 73 munic\u00edpios. O estado tamb\u00e9m tem o maior n\u00famero de mortes por febre amarela, com a confirma\u00e7\u00e3o de 61 das 70 notifica\u00e7\u00f5es.<\/p>\n<p>Com 114 notifica\u00e7\u00f5es de suspeitas da doen\u00e7a, o Esp\u00edrito tem 20 casos confirmados de febre amarela e continua investigando 89. Seis pessoas morreram pela doen\u00e7a no estado. Em S\u00e3o Paulo, quatro casos de febre amarela j\u00e1 foram confirmados \u2013 tr\u00eas com morte \u2013 e cinco continuam sob investiga\u00e7\u00e3o.<\/p>\n<p> A Bahia tem nove casos suspeitos da doen\u00e7a e o Tocantins, um.<\/p>\n<p>Vacina<\/p>\n<p>O Minist\u00e9rio da Sa\u00fade tem enviado doses extras da vacina contra a febre amarela aos estados que t\u00eam registrado casos suspeitos da doen\u00e7a e aos que fazem divisa com as \u00e1reas afetadas. No total, 9,9 milh\u00f5es de doses extras foram encaminhadas a cinco estados: Minas Gerais (4,5 milh\u00f5es), Esp\u00edrito Santo (2,5 milh\u00f5es), S\u00e3o Paulo (1,2 milh\u00e3o), Bahia (900 mil) e Rio de Janeiro (850 mil). Al\u00e9m da vacina, o minist\u00e9rio vai repassar R$ 40 milh\u00f5es aos munic\u00edpios mais afetados pela febre amarela no pa\u00eds.<\/p>\n<p>A vacina\u00e7\u00e3o de rotina contra a febre amarela \u00e9 oferecida em 19 estados do pa\u00eds com recomenda\u00e7\u00e3o para imuniza\u00e7\u00e3o para a doen\u00e7a. Todas as pessoas que vivem nesses locais devem tomar duas doses da vacina ao longo da vida. Tamb\u00e9m precisam se vacinar, neste momento, pessoas que v\u00e3o viajar ou vivem nas regi\u00f5es que est\u00e3o registrando casos da doen\u00e7a: leste de Minas Gerais, oeste do Esp\u00edrito Santo, noroeste do Rio de Janeiro e oeste da Bahia.<\/p>\n<p>Segundo o Minist\u00e9rio da Sa\u00fade, n\u00e3o h\u00e1 necessidade de corrida aos postos de sa\u00fade, pois as doses s\u00e3o suficientes para atender \u00e0s regi\u00f5es com recomenda\u00e7\u00e3o de vacina\u00e7\u00e3o.<\/p>\n<p>Heloisa Cristaldo &#8211; Rep\u00f3rter da Ag\u00eancia Brasil<br \/>\nEdi\u00e7\u00e3o: Luana Louren\u00e7o<br \/>\n09\/02\/2017<\/p>\n","protected":false},"excerpt":{"rendered":"<p>A febre amarela j\u00e1 provocou a morte de 70 pessoas nos estados de Minas Gerais, do Esp\u00edrito Santo e de S\u00e3o Paulo. Segundo boletim divulgado pelo Minist\u00e9rio da Sa\u00fade, at\u00e9 o momento, 1.060 pacientes apresentaram suspeita da doen\u00e7a nos tr\u00eas estados e tamb\u00e9m na Bahia e no Tocantins. Do total notificado, 215 casos foram confirmados, [&hellip;]<\/p>\n","protected":false},"author":2,"featured_media":40847,"comment_status":"open","ping_status":"closed","sticky":false,"template":"","format":"standard","meta":{"_genesis_hide_title":false,"_genesis_hide_breadcrumbs":false,"_genesis_hide_singular_image":false,"_genesis_hide_footer_widgets":false,"_genesis_custom_body_class":"","_genesis_custom_post_class":"","_genesis_layout":"","_jetpack_memberships_contains_paid_content":false,"footnotes":""},"categories":[22,5],"tags":[],"class_list":{"0":"post-106493","1":"post","2":"type-post","3":"status-publish","4":"format-standard","5":"has-post-thumbnail","7":"category-brasil","8":"category-saude-e-vida","9":"entry","10":"gs-1","11":"gs-odd","12":"gs-even","13":"gs-featured-content-entry"},"jetpack_featured_media_url":"https:\/\/www.redenoticia.com.br\/noticia\/imagens\/dengue-combate.jpg","jetpack_sharing_enabled":true,"jetpack_likes_enabled":true,"_links":{"self":[{"href":"https:\/\/www.redenoticia.com.br\/noticia\/wp-json\/wp\/v2\/posts\/106493","targetHints":{"allow":["GET"]}}],"collection":[{"href":"https:\/\/www.redenoticia.com.br\/noticia\/wp-json\/wp\/v2\/posts"}],"about":[{"href":"https:\/\/www.redenoticia.com.br\/noticia\/wp-json\/wp\/v2\/types\/post"}],"author":[{"embeddable":true,"href":"https:\/\/www.redenoticia.com.br\/noticia\/wp-json\/wp\/v2\/users\/2"}],"replies":[{"embeddable":true,"href":"https:\/\/www.redenoticia.com.br\/noticia\/wp-json\/wp\/v2\/comments?post=106493"}],"version-history":[{"count":0,"href":"https:\/\/www.redenoticia.com.br\/noticia\/wp-json\/wp\/v2\/posts\/106493\/revisions"}],"wp:featuredmedia":[{"embeddable":true,"href":"https:\/\/www.redenoticia.com.br\/noticia\/wp-json\/wp\/v2\/media\/40847"}],"wp:attachment":[{"href":"https:\/\/www.redenoticia.com.br\/noticia\/wp-json\/wp\/v2\/media?parent=106493"}],"wp:term":[{"taxonomy":"category","embeddable":true,"href":"https:\/\/www.redenoticia.com.br\/noticia\/wp-json\/wp\/v2\/categories?post=106493"},{"taxonomy":"post_tag","embeddable":true,"href":"https:\/\/www.redenoticia.com.br\/noticia\/wp-json\/wp\/v2\/tags?post=106493"}],"curies":[{"name":"wp","href":"https:\/\/api.w.org\/{rel}","templated":true}]}}