{"id":106446,"date":"2017-02-08T17:18:49","date_gmt":"2017-02-08T19:18:49","guid":{"rendered":"http:\/\/www.redenoticia.com.br\/noticia\/?p=106446"},"modified":"2017-02-08T17:18:49","modified_gmt":"2017-02-08T19:18:49","slug":"resumo-novela-querida-inimiga-0902-hortencia-move-os-dedos","status":"publish","type":"post","link":"https:\/\/www.redenoticia.com.br\/noticia\/2017\/resumo-novela-querida-inimiga-0902-hortencia-move-os-dedos\/106446","title":{"rendered":"Resumo novela \u201cQuerida Inimiga\u201d 09\/02: Hort\u00eancia move os dedos"},"content":{"rendered":"<p> <img loading=\"lazy\" decoding=\"async\" class=\"alignleft size-thumbnail wp-image-99744\" src=\"https:\/\/www.redenoticia.com.br\/noticia\/imagens\/querida_inimiga_resumo_novela_SBT-150x112.jpg\" alt=\"querida_inimiga_resumo_novela_sbt\" width=\"150\" height=\"112\" srcset=\"https:\/\/www.redenoticia.com.br\/noticia\/imagens\/querida_inimiga_resumo_novela_SBT-150x112.jpg 150w, https:\/\/www.redenoticia.com.br\/noticia\/imagens\/querida_inimiga_resumo_novela_SBT-265x198.jpg 265w\" sizes=\"auto, (max-width: 150px) 100vw, 150px\" \/><strong><em>Resumo novela \u201cQuerida Inimiga\u201d 09\/02<\/em><\/strong>: no cap\u00edtulo 062(*) da novela \u201cQuerida Inimiga\u201d, resumo de quinta-feira, 09 de fevereiro, Ernesto diz a Lorena que Cristina vai reconsiderar sua meia bolsa, pois acredita que ele e alguns outros professores a estejam favorecendo. Jaime pede a Maria que se case com ele. Ela diz que nunca se divorciou. Zulema se queixa que nunca consegue ver Maria. Rose diz que Maria est\u00e1 saindo com Jaime. Ernesto leva Lorena para viajar e, depois de um lindo dia juntos, acabam fazendo amor pela primeira vez. Sara conhece Alan Zibermann e o Chef Oropeza os diz que n\u00e3o poder\u00e1 ser o anfitri\u00e3o do programa. Sara responde que pode fazer tudo, mas \u00e9 rejeitada. Sara vai ver Alan no dia seguinte, o seduz e convence que ele a aprove. Ela afirma que conseguir\u00e1 outro patrocinador. <\/p>\n<p>Jaime e B\u00e1rbara se encontram no centro comercial e se falam, amistosamente. Lalo os v\u00ea e fica com ci\u00fames. Enquanto visitavam Diana no hospital, Zulema e Maria acabam se encontrando. Greta convence Vitor a lhe dar trabalho como secret\u00e1ria de Vasco. Sara vai ver Hort\u00eancia e deseja que ela morra logo, pois precisa de sua heran\u00e7a. Vasco encontra Sara e pede que ela se retire. Alonso volta do Canad\u00e1 e lhe d\u00e3o as boas-vindas em sua casa e no hospital. Alonso recebe uma liga\u00e7\u00e3o de Augusta, que o pede para ir ver Hort\u00eancia. Quando Alonso chega \u00e0 casa de Hort\u00eancia v\u00ea Lalo no jardim e come\u00e7a a se lembrar de v\u00e1rias coisas que o preocupam. Alonso examina Hort\u00eancia e pergunta a Augusta se ela fez algum movimento volunt\u00e1rio. <\/p>\n<p>Hort\u00eancia move os dedos e Augusta conta do progresso da senhora, mas que ela n\u00e3o deseja que ningu\u00e9m saiba desses avan\u00e7os. No restaurante, Ernesto insiste que Lorena coma uma fatia de bolo, mas ela n\u00e3o quer com\u00ea-lo. Ernesto insiste e ela acaba aceitando. Ao morder, Lorena encontra um anel de compromisso. Diana diz a Rose e a Juliano que deseja que sejam padrinhos de seu beb\u00ea. Eles aceitam encantados. Alonso est\u00e1 com muitas suspeitas de Sara e Lalo. Alonso vai ver Lorena e lhe diz que Sara e Lalo s\u00e3o amantes.<\/p>\n<p>(*) edi\u00e7\u00e3o do SBT, Novela \u201cQuerida Inimiga\u201d, sujeito a altera\u00e7\u00e3o de data e conte\u00fado.<\/p>\n<p>Querida enemiga (no Brasil, Querida Inimiga ) \u00e9 uma telenovela mexicana produzida por Lucero Su\u00e1rez para a Televisa e exibida pelo Canal de las Estrellas entre 12 de maio e 10 de outubro de 2008, substituindo Palabra de mujer e sendo substitu\u00edda por En nombre del amor, em 110 cap\u00edtulos. A trama teve Ana Layevska, Gabriel Soto, Jorge Aravena, Mar\u00eda Rubio, Carmen Becerra, Marco M\u00e9ndez, Miguel \u00c1ngel Biaggio, Socorro Bonilla, Alfonso Iturralde, Luz Mar\u00eda Jerez e Luis Xavier nos papeis principais.<\/p>\n","protected":false},"excerpt":{"rendered":"<p>Resumo novela \u201cQuerida Inimiga\u201d 09\/02: no cap\u00edtulo 062(*) da novela \u201cQuerida Inimiga\u201d, resumo de quinta-feira, 09 de fevereiro, Ernesto diz a Lorena que Cristina vai reconsiderar sua meia bolsa, pois acredita que ele e alguns outros professores a estejam favorecendo. Jaime pede a Maria que se case com ele. Ela diz que nunca se divorciou. [&hellip;]<\/p>\n","protected":false},"author":2,"featured_media":99744,"comment_status":"open","ping_status":"closed","sticky":false,"template":"","format":"standard","meta":{"_genesis_hide_title":false,"_genesis_hide_breadcrumbs":false,"_genesis_hide_singular_image":false,"_genesis_hide_footer_widgets":false,"_genesis_custom_body_class":"","_genesis_custom_post_class":"","_genesis_layout":"","_jetpack_memberships_contains_paid_content":false,"footnotes":""},"categories":[379,372,343],"tags":[441],"class_list":{"0":"post-106446","1":"post","2":"type-post","3":"status-publish","4":"format-standard","5":"has-post-thumbnail","7":"category-novelas","8":"category-sbt","9":"category-televisao","10":"tag-resumo-do-dia","11":"entry","12":"gs-1","13":"gs-odd","14":"gs-even","15":"gs-featured-content-entry"},"jetpack_featured_media_url":"https:\/\/www.redenoticia.com.br\/noticia\/imagens\/querida_inimiga_resumo_novela_SBT.jpg","jetpack_sharing_enabled":true,"jetpack_likes_enabled":true,"_links":{"self":[{"href":"https:\/\/www.redenoticia.com.br\/noticia\/wp-json\/wp\/v2\/posts\/106446","targetHints":{"allow":["GET"]}}],"collection":[{"href":"https:\/\/www.redenoticia.com.br\/noticia\/wp-json\/wp\/v2\/posts"}],"about":[{"href":"https:\/\/www.redenoticia.com.br\/noticia\/wp-json\/wp\/v2\/types\/post"}],"author":[{"embeddable":true,"href":"https:\/\/www.redenoticia.com.br\/noticia\/wp-json\/wp\/v2\/users\/2"}],"replies":[{"embeddable":true,"href":"https:\/\/www.redenoticia.com.br\/noticia\/wp-json\/wp\/v2\/comments?post=106446"}],"version-history":[{"count":0,"href":"https:\/\/www.redenoticia.com.br\/noticia\/wp-json\/wp\/v2\/posts\/106446\/revisions"}],"wp:featuredmedia":[{"embeddable":true,"href":"https:\/\/www.redenoticia.com.br\/noticia\/wp-json\/wp\/v2\/media\/99744"}],"wp:attachment":[{"href":"https:\/\/www.redenoticia.com.br\/noticia\/wp-json\/wp\/v2\/media?parent=106446"}],"wp:term":[{"taxonomy":"category","embeddable":true,"href":"https:\/\/www.redenoticia.com.br\/noticia\/wp-json\/wp\/v2\/categories?post=106446"},{"taxonomy":"post_tag","embeddable":true,"href":"https:\/\/www.redenoticia.com.br\/noticia\/wp-json\/wp\/v2\/tags?post=106446"}],"curies":[{"name":"wp","href":"https:\/\/api.w.org\/{rel}","templated":true}]}}