{"id":105964,"date":"2017-02-02T01:20:32","date_gmt":"2017-02-02T03:20:32","guid":{"rendered":"http:\/\/www.redenoticia.com.br\/noticia\/?p=105964"},"modified":"2017-02-01T22:21:42","modified_gmt":"2017-02-02T00:21:42","slug":"praia-acessivel-chega-ao-guaruja","status":"publish","type":"post","link":"https:\/\/www.redenoticia.com.br\/noticia\/2017\/praia-acessivel-chega-ao-guaruja\/105964","title":{"rendered":"Praia Acess\u00edvel chega ao Guaruj\u00e1"},"content":{"rendered":"<p> As prefeituras participam com a sele\u00e7\u00e3o de equipes de suporte, compostas de acompanhantes e guarda-vidas, para supervis\u00e3o e orienta\u00e7\u00e3o aos banhistas. Mais de 25 mil pessoas com defici\u00eancia e idosos j\u00e1 foram beneficiadas pelo programa <em><strong>Praia Acess\u00edvel<\/strong><\/em>.<\/p>\n<p>O projeto \u00e9 organizado pelas secretarias estaduais dos Direitos das Pessoas com Defici\u00eancia e de Esporte, Lazer e Juventude, e tem o patroc\u00ednio da Sabesp. Para participar, os interessados devem se inscrever nos postos de atendimento, com acompanhante e apresentar o documento de identidade (RG).<\/p>\n<p>Para mais informa\u00e7\u00f5es, acesse\u00a0\u00a0ou ligue para (11) 3241-0892. <\/p>\n<p>SERVI\u00c7O<br \/>\nPrograma Praia Acess\u00edvel \u2013 Esportes para Todos<\/p>\n<p>Guaruj\u00e1<br \/>\nDe 2 a 12\/2<br \/>\nQuinta a domingo, das 9h \u00e0s 15h<br \/>\nPraia da Enseada \u2013 Pra\u00e7a Hor\u00e1cio Lafer, s\/n\u00ba, Jardim Tejereba.<\/p>\n<p>Caraguatatuba<br \/>\nDe 16 a 26\/2<br \/>\nQuinta a domingo, das 9h \u00e0s 15h<br \/>\nPraia do Centro \u2013 Av.Dr. Costa Filho (altura do n\u00famero 80), Centro.<\/p>\n<p>Do Portal do Governo SP<\/p>\n","protected":false},"excerpt":{"rendered":"<p>As prefeituras participam com a sele\u00e7\u00e3o de equipes de suporte, compostas de acompanhantes e guarda-vidas, para supervis\u00e3o e orienta\u00e7\u00e3o aos banhistas. Mais de 25 mil pessoas com defici\u00eancia e idosos j\u00e1 foram beneficiadas pelo programa Praia Acess\u00edvel. O projeto \u00e9 organizado pelas secretarias estaduais dos Direitos das Pessoas com Defici\u00eancia e de Esporte, Lazer e [&hellip;]<\/p>\n","protected":false},"author":2,"featured_media":41101,"comment_status":"open","ping_status":"closed","sticky":false,"template":"","format":"standard","meta":{"_genesis_hide_title":false,"_genesis_hide_breadcrumbs":false,"_genesis_hide_singular_image":false,"_genesis_hide_footer_widgets":false,"_genesis_custom_body_class":"","_genesis_custom_post_class":"","_genesis_layout":"","_jetpack_memberships_contains_paid_content":false,"footnotes":""},"categories":[22,5],"tags":[],"class_list":{"0":"post-105964","1":"post","2":"type-post","3":"status-publish","4":"format-standard","5":"has-post-thumbnail","7":"category-brasil","8":"category-saude-e-vida","9":"entry","10":"gs-1","11":"gs-odd","12":"gs-even","13":"gs-featured-content-entry"},"jetpack_featured_media_url":"https:\/\/www.redenoticia.com.br\/noticia\/imagens\/praia-balneario.jpg","jetpack_sharing_enabled":true,"jetpack_likes_enabled":true,"_links":{"self":[{"href":"https:\/\/www.redenoticia.com.br\/noticia\/wp-json\/wp\/v2\/posts\/105964","targetHints":{"allow":["GET"]}}],"collection":[{"href":"https:\/\/www.redenoticia.com.br\/noticia\/wp-json\/wp\/v2\/posts"}],"about":[{"href":"https:\/\/www.redenoticia.com.br\/noticia\/wp-json\/wp\/v2\/types\/post"}],"author":[{"embeddable":true,"href":"https:\/\/www.redenoticia.com.br\/noticia\/wp-json\/wp\/v2\/users\/2"}],"replies":[{"embeddable":true,"href":"https:\/\/www.redenoticia.com.br\/noticia\/wp-json\/wp\/v2\/comments?post=105964"}],"version-history":[{"count":0,"href":"https:\/\/www.redenoticia.com.br\/noticia\/wp-json\/wp\/v2\/posts\/105964\/revisions"}],"wp:featuredmedia":[{"embeddable":true,"href":"https:\/\/www.redenoticia.com.br\/noticia\/wp-json\/wp\/v2\/media\/41101"}],"wp:attachment":[{"href":"https:\/\/www.redenoticia.com.br\/noticia\/wp-json\/wp\/v2\/media?parent=105964"}],"wp:term":[{"taxonomy":"category","embeddable":true,"href":"https:\/\/www.redenoticia.com.br\/noticia\/wp-json\/wp\/v2\/categories?post=105964"},{"taxonomy":"post_tag","embeddable":true,"href":"https:\/\/www.redenoticia.com.br\/noticia\/wp-json\/wp\/v2\/tags?post=105964"}],"curies":[{"name":"wp","href":"https:\/\/api.w.org\/{rel}","templated":true}]}}