{"id":105880,"date":"2017-02-01T01:03:11","date_gmt":"2017-02-01T03:03:11","guid":{"rendered":"http:\/\/www.redenoticia.com.br\/noticia\/?p=105880"},"modified":"2017-01-31T19:44:28","modified_gmt":"2017-01-31T21:44:28","slug":"quase-4-milhoes-voltam-as-aulas-em-sp-com-intensivao","status":"publish","type":"post","link":"https:\/\/www.redenoticia.com.br\/noticia\/2017\/quase-4-milhoes-voltam-as-aulas-em-sp-com-intensivao\/105880","title":{"rendered":"Quase 4 milh\u00f5es voltam \u00e0s aulas em SP com intensiv\u00e3o"},"content":{"rendered":"<p> No dia 2 de fevereiro mais de 3,7 milh\u00f5es de alunos retornam \u00e0s escolas da rede estadual de ensino de SP. Este \u00e9 o in\u00edcio do novo ano letivo e a Secretaria da Educa\u00e7\u00e3o j\u00e1 planeja uma lista de a\u00e7\u00f5es para o primeiro m\u00eas de aulas. A principal \u00e9 um \u2018intensiv\u00e3o\u2019 de <em><strong>refor\u00e7o para todos os alunos<\/strong><\/em> do Ensino Fundamental e M\u00e9dio. Em sala os professores v\u00e3o lecionar Portugu\u00eas e Matem\u00e1tica sobre assuntos que precisam ser desenvolvidos ou ampliados.<\/p>\n<p>Para condu\u00e7\u00e3o das atividades de recupera\u00e7\u00e3o, as unidades foram orientadas ainda em dezembro a elaborar um plano de a\u00e7\u00e3o. Gestoras se debru\u00e7aram nos resultados do Saresp (Sistema de Avalia\u00e7\u00e3o de Rendimento Escolar do Estado de SP) e detectaram os pontos mais cr\u00edticos para os estudantes.<\/p>\n<p>A Secretaria, por sua vez, foi respons\u00e1vel por elaborar o material a ser utilizado de acordo com a realidade de cada escola. O m\u00e9todo tamb\u00e9m \u00e9 v\u00e1lido a educadores de outras disciplinas.<\/p>\n<p>Refor\u00e7o continuado<\/p>\n<p>Al\u00e9m do \u201cintensiv\u00e3o\u201d em fevereiro, a Secretaria definiu outras estrat\u00e9gias para o refor\u00e7o de conte\u00fado ao longo do ano letivo. Est\u00e1 prevista a utiliza\u00e7\u00e3o de parte das aulas regulares para a aplica\u00e7\u00e3o de uma nova abordagem pedag\u00f3gica e exerc\u00edcios aos alunos. Os educadores tamb\u00e9m devem reunir a classe em grupos formativos ou esta\u00e7\u00f5es rotacionais. Outra op\u00e7\u00e3o \u00e9 a recomposi\u00e7\u00e3o de turmas de acordo com a habilidade dos estudantes.<\/p>\n<p>Boas-vindas com acolhimento<\/p>\n<p>Outra novidade neste in\u00edcio letivo \u00e9 a amplia\u00e7\u00e3o do \u2018acolhimento\u2019 a todas as 5 mil unidades. A a\u00e7\u00e3o de boas-vindas \u00e9 tradicional nas unidades de tempo integral. Assim, a\u00e7\u00e3o resgata a integra\u00e7\u00e3o entre estudantes, gestores e fam\u00edlia. Os novatos na escola t\u00eam a chance de conhecer os espa\u00e7os e o funcionamento da unidade. A s\u00e9rie tem sequ\u00eancia de din\u00e2micas, e muitas elaboradas com ajuda dos pr\u00f3prios alunos. Entre elas, roda de conversa e a constru\u00e7\u00e3o de uma \u201c\u00e1rvore dos desejos\u201d com sugest\u00f5es do que esperam do novo ano.<\/p>\n<p>Do Portal do Governo SP<\/p>\n","protected":false},"excerpt":{"rendered":"<p>No dia 2 de fevereiro mais de 3,7 milh\u00f5es de alunos retornam \u00e0s escolas da rede estadual de ensino de SP. Este \u00e9 o in\u00edcio do novo ano letivo e a Secretaria da Educa\u00e7\u00e3o j\u00e1 planeja uma lista de a\u00e7\u00f5es para o primeiro m\u00eas de aulas. A principal \u00e9 um \u2018intensiv\u00e3o\u2019 de refor\u00e7o para todos [&hellip;]<\/p>\n","protected":false},"author":2,"featured_media":36262,"comment_status":"open","ping_status":"closed","sticky":false,"template":"","format":"standard","meta":{"_genesis_hide_title":false,"_genesis_hide_breadcrumbs":false,"_genesis_hide_singular_image":false,"_genesis_hide_footer_widgets":false,"_genesis_custom_body_class":"","_genesis_custom_post_class":"","_genesis_layout":"","_jetpack_memberships_contains_paid_content":false,"footnotes":""},"categories":[22],"tags":[],"class_list":{"0":"post-105880","1":"post","2":"type-post","3":"status-publish","4":"format-standard","5":"has-post-thumbnail","7":"category-brasil","8":"entry","9":"gs-1","10":"gs-odd","11":"gs-even","12":"gs-featured-content-entry"},"jetpack_featured_media_url":"https:\/\/www.redenoticia.com.br\/noticia\/imagens\/aluno-a.jpg","jetpack_sharing_enabled":true,"jetpack_likes_enabled":true,"_links":{"self":[{"href":"https:\/\/www.redenoticia.com.br\/noticia\/wp-json\/wp\/v2\/posts\/105880","targetHints":{"allow":["GET"]}}],"collection":[{"href":"https:\/\/www.redenoticia.com.br\/noticia\/wp-json\/wp\/v2\/posts"}],"about":[{"href":"https:\/\/www.redenoticia.com.br\/noticia\/wp-json\/wp\/v2\/types\/post"}],"author":[{"embeddable":true,"href":"https:\/\/www.redenoticia.com.br\/noticia\/wp-json\/wp\/v2\/users\/2"}],"replies":[{"embeddable":true,"href":"https:\/\/www.redenoticia.com.br\/noticia\/wp-json\/wp\/v2\/comments?post=105880"}],"version-history":[{"count":0,"href":"https:\/\/www.redenoticia.com.br\/noticia\/wp-json\/wp\/v2\/posts\/105880\/revisions"}],"wp:featuredmedia":[{"embeddable":true,"href":"https:\/\/www.redenoticia.com.br\/noticia\/wp-json\/wp\/v2\/media\/36262"}],"wp:attachment":[{"href":"https:\/\/www.redenoticia.com.br\/noticia\/wp-json\/wp\/v2\/media?parent=105880"}],"wp:term":[{"taxonomy":"category","embeddable":true,"href":"https:\/\/www.redenoticia.com.br\/noticia\/wp-json\/wp\/v2\/categories?post=105880"},{"taxonomy":"post_tag","embeddable":true,"href":"https:\/\/www.redenoticia.com.br\/noticia\/wp-json\/wp\/v2\/tags?post=105880"}],"curies":[{"name":"wp","href":"https:\/\/api.w.org\/{rel}","templated":true}]}}