{"id":105795,"date":"2017-01-31T00:19:55","date_gmt":"2017-01-31T02:19:55","guid":{"rendered":"http:\/\/www.redenoticia.com.br\/noticia\/?p=105795"},"modified":"2017-01-31T00:19:55","modified_gmt":"2017-01-31T02:19:55","slug":"governo-central-fecha-2016-com-pior-deficit-primario-da-historia","status":"publish","type":"post","link":"https:\/\/www.redenoticia.com.br\/noticia\/2017\/governo-central-fecha-2016-com-pior-deficit-primario-da-historia\/105795","title":{"rendered":"Governo Central fecha 2016 com pior d\u00e9ficit prim\u00e1rio da hist\u00f3ria"},"content":{"rendered":"<p> Apesar da ajuda do programa de regulariza\u00e7\u00e3o de recursos no exterior, a chamada repatria\u00e7\u00e3o, o Governo Central \u2013 Tesouro Nacional, Previd\u00eancia Social e Banco Central \u2013 encerrou 2016 com o pior <strong><em>d\u00e9ficit prim\u00e1rio<\/em><\/strong> da hist\u00f3ria. No ano passado, o resultado ficou negativo em R$ 154,255 bilh\u00f5es, contra d\u00e9ficit de R$ 114,741 bilh\u00f5es registrado em 2015. Este foi o terceiro ano seguido em que as contas federais fecharam com resultado negativo.<\/p>\n<p>O d\u00e9ficit prim\u00e1rio \u00e9 o resultado negativo das contas do governo antes do pagamento dos juros da d\u00edvida p\u00fablica. Apenas em dezembro, o Governo Central registrou d\u00e9ficit de R$ 60,124 bilh\u00f5es. O resultado \u00e9 o segundo pior para o m\u00eas, perdendo apenas para dezembro de 2015 (R$ 60,633 bilh\u00f5es). No ano retrasado, no entanto, o d\u00e9ficit havia sido inflado pelo reconhecimento de passivos do Tesouro com bancos oficiais e o Fundo de Garantia do Tempo de Servi\u00e7o (FGTS).<\/p>\n<p> O d\u00e9ficit prim\u00e1rio ficou abaixo da meta revisada de R$ 170,5 bilh\u00f5es estabelecida para o Governo Central 2016. O principal fator que ajudou o governo a ficar dentro da meta foi a regulariza\u00e7\u00e3o de ativos no exterior. Tamb\u00e9m conhecido como repatria\u00e7\u00e3o, o programa arrecadou R$ 46,7 bilh\u00f5es no ano passado, dos quais R$ 24 bilh\u00f5es ficaram com o Tesouro Nacional, e o restante foi partilhado com estados e munic\u00edpios.<\/p>\n<p>A deteriora\u00e7\u00e3o das contas p\u00fablicas no ano passado ainda foi resultado da crise econ\u00f4mica que tem reduzido a arrecada\u00e7\u00e3o nos \u00faltimos anos. Em 2016, as receitas l\u00edquidas do Governo Central ca\u00edram 4,1% descontando a infla\u00e7\u00e3o oficial pelo \u00cdndice Nacional de Pre\u00e7os ao Consumidor Amplo (IPCA). As despesas totais ca\u00edram, mas em ritmo menor: 1,2% tamb\u00e9m descontado o IPCA.<\/p>\n<p>Em rela\u00e7\u00e3o \u00e0s despesas, o principal fator que pressionou as contas p\u00fablicas no ano passado foram os gastos com a Previd\u00eancia Social, que cresceram 7,2% acima da infla\u00e7\u00e3o em 2016. Os gastos com o funcionalismo p\u00fablico ca\u00edram 0,5% descontado o IPCA. As demais despesas obrigat\u00f3rias ca\u00edram 22,5% tamb\u00e9m descontada a infla\u00e7\u00e3o, principalmente por causa do reconhecimento de passivos com os bancos p\u00fablicos e o FGTS, que ocorreram no fim de 2015 e n\u00e3o se repetiram em 2016, e da revers\u00e3o parcial de desonera\u00e7\u00f5es, como a da folha de pagamento.<\/p>\n<p>As despesas de custeio (manuten\u00e7\u00e3o da m\u00e1quina p\u00fablica) ca\u00edram 8,1% no ano passado, considerando a infla\u00e7\u00e3o oficial. Depois de passarem boa parte de 2016 acumulando varia\u00e7\u00e3o negativa, os investimentos federais, que englobam obras p\u00fablicas e a compra de equipamentos, somaram R$ 64,925 bilh\u00f5es, alta real (descontada a infla\u00e7\u00e3o) de 7%.<\/p>\n<p>Apesar da alta dos investimentos, o Programa de Acelera\u00e7\u00e3o do Crescimento (PAC) gastou R$ 42,042 bilh\u00f5es, queda real de 17,8% em rela\u00e7\u00e3o a 2015. Em rela\u00e7\u00e3o ao programa Minha Casa, Minha Vida, a retra\u00e7\u00e3o real foi ainda maior: 64,3%. No ano passado, o principal programa habitacional do governo federal executou R$ 7,965 bilh\u00f5es, contra R$ 20,709 bilh\u00f5es em 2015.<\/p>\n<p>O n\u00famero divulgado refere-se somente \u00e0s contas do Governo Central, com a metodologia acima da linha, que leva em conta os gastos registrados em tempo real no Sistema Integrado de Administra\u00e7\u00e3o Financeira (Siafi). <\/p>\n<p>Wellton M\u00e1ximo \u2013 Rep\u00f3rter da Ag\u00eancia Brasil<br \/>\nEdi\u00e7\u00e3o: Amanda Cieglinski<br \/>\n31\/01\/2017<\/p>\n","protected":false},"excerpt":{"rendered":"<p>Apesar da ajuda do programa de regulariza\u00e7\u00e3o de recursos no exterior, a chamada repatria\u00e7\u00e3o, o Governo Central \u2013 Tesouro Nacional, Previd\u00eancia Social e Banco Central \u2013 encerrou 2016 com o pior d\u00e9ficit prim\u00e1rio da hist\u00f3ria. No ano passado, o resultado ficou negativo em R$ 154,255 bilh\u00f5es, contra d\u00e9ficit de R$ 114,741 bilh\u00f5es registrado em 2015. [&hellip;]<\/p>\n","protected":false},"author":2,"featured_media":40734,"comment_status":"open","ping_status":"closed","sticky":false,"template":"","format":"standard","meta":{"_genesis_hide_title":false,"_genesis_hide_breadcrumbs":false,"_genesis_hide_singular_image":false,"_genesis_hide_footer_widgets":false,"_genesis_custom_body_class":"","_genesis_custom_post_class":"","_genesis_layout":"","_jetpack_memberships_contains_paid_content":false,"footnotes":""},"categories":[22,7],"tags":[],"class_list":{"0":"post-105795","1":"post","2":"type-post","3":"status-publish","4":"format-standard","5":"has-post-thumbnail","7":"category-brasil","8":"category-economia","9":"entry","10":"gs-1","11":"gs-odd","12":"gs-even","13":"gs-featured-content-entry"},"jetpack_featured_media_url":"https:\/\/www.redenoticia.com.br\/noticia\/imagens\/economia-resultados.jpg","jetpack_sharing_enabled":true,"jetpack_likes_enabled":true,"_links":{"self":[{"href":"https:\/\/www.redenoticia.com.br\/noticia\/wp-json\/wp\/v2\/posts\/105795","targetHints":{"allow":["GET"]}}],"collection":[{"href":"https:\/\/www.redenoticia.com.br\/noticia\/wp-json\/wp\/v2\/posts"}],"about":[{"href":"https:\/\/www.redenoticia.com.br\/noticia\/wp-json\/wp\/v2\/types\/post"}],"author":[{"embeddable":true,"href":"https:\/\/www.redenoticia.com.br\/noticia\/wp-json\/wp\/v2\/users\/2"}],"replies":[{"embeddable":true,"href":"https:\/\/www.redenoticia.com.br\/noticia\/wp-json\/wp\/v2\/comments?post=105795"}],"version-history":[{"count":0,"href":"https:\/\/www.redenoticia.com.br\/noticia\/wp-json\/wp\/v2\/posts\/105795\/revisions"}],"wp:featuredmedia":[{"embeddable":true,"href":"https:\/\/www.redenoticia.com.br\/noticia\/wp-json\/wp\/v2\/media\/40734"}],"wp:attachment":[{"href":"https:\/\/www.redenoticia.com.br\/noticia\/wp-json\/wp\/v2\/media?parent=105795"}],"wp:term":[{"taxonomy":"category","embeddable":true,"href":"https:\/\/www.redenoticia.com.br\/noticia\/wp-json\/wp\/v2\/categories?post=105795"},{"taxonomy":"post_tag","embeddable":true,"href":"https:\/\/www.redenoticia.com.br\/noticia\/wp-json\/wp\/v2\/tags?post=105795"}],"curies":[{"name":"wp","href":"https:\/\/api.w.org\/{rel}","templated":true}]}}