{"id":105789,"date":"2017-01-31T00:17:05","date_gmt":"2017-01-31T02:17:05","guid":{"rendered":"http:\/\/www.redenoticia.com.br\/noticia\/?p=105789"},"modified":"2017-01-31T00:17:05","modified_gmt":"2017-01-31T02:17:05","slug":"indice-que-reajusta-aluguel-avanca-665-em-12-meses","status":"publish","type":"post","link":"https:\/\/www.redenoticia.com.br\/noticia\/2017\/indice-que-reajusta-aluguel-avanca-665-em-12-meses\/105789","title":{"rendered":"\u00cdndice que reajusta aluguel avan\u00e7a 6,65% em 12 meses"},"content":{"rendered":"<p> O \u00cdndice Geral de Pre\u00e7os \u2013 Mercado (<strong><em>IGP-M<\/em><\/strong>), usado no reajuste de alugueis, registrou alta de 6,65% no acumulado de 12 meses at\u00e9 janeiro, segundo a Funda\u00e7\u00e3o Getulio Vargas. Em janeiro, a alta foi de 0,64%, ante 0,54% em dezembro. Em janeiro de 2016, a varia\u00e7\u00e3o foi de 1,14%.<\/p>\n<p>O resultado do IGP-M \u00e9 calculado com base nos pre\u00e7os coletados entre os dias 21 do m\u00eas anterior e 20 do m\u00eas de refer\u00eancia. O \u00cdndice de Pre\u00e7os ao Produtor Amplo (IPA) apresentou taxa de varia\u00e7\u00e3o de 0,70%. No m\u00eas anterior, a taxa foi de 0,69%. Contribuiu para o avan\u00e7o o subgrupo alimentos processados, cuja taxa de varia\u00e7\u00e3o passou de -0,15% para 0,39%.<\/p>\n<p>O \u00edndice do grupo Bens Intermedi\u00e1rios variou 1,05%, superior a dezembro, quando a taxa variou 0,53%. O principal respons\u00e1vel por este movimento foi o subgrupo combust\u00edveis e lubrificantes para a produ\u00e7\u00e3o (-0,51% para 5,70%).<\/p>\n<p>Mat\u00e9rias-primas brutas variaram 0,91% em janeiro, ante varia\u00e7\u00e3o de 1,96%. Os itens que mais contribu\u00edram para este movimento foram: soja em gr\u00e3o (0,38% para -4,20%), min\u00e9rio de ferro (17,53% para 13,08%) e aves (-0,76% para -3,73%). Em sentido oposto, destacam-se: leite in natura (-6,34% para -1,78%), milho em gr\u00e3o (-6,17% para -4,30%) e min\u00e9rio de alum\u00ednio (-1,16% para 5,36%).<\/p>\n<p>Pre\u00e7os ao consumidor<\/p>\n<p>O \u00cdndice de Pre\u00e7os ao Consumidor (IPC) registrou varia\u00e7\u00e3o de 0,64% em janeiro, ante 0,20%, em dezembro. Cinco das oito classes de despesa componentes do \u00edndice registraram acr\u00e9scimo em suas taxas de varia\u00e7\u00e3o. A principal contribui\u00e7\u00e3o partiu do grupo habita\u00e7\u00e3o (-0,62% para 0,10%). Nesta classe de despesa, destaca-se a tarifa de eletricidade residencial, cuja taxa passou de -5,42% para -1,61%.<\/p>\n<p>O \u00cdndice Nacional de Custo da Constru\u00e7\u00e3o registrou, em janeiro, taxa de varia\u00e7\u00e3o de 0,29%. No m\u00eas anterior, este \u00edndice variou 0,36%. O \u00edndice relativo a materiais, equipamentos e servi\u00e7os registrou varia\u00e7\u00e3o de 0,30%. No m\u00eas anterior, a taxa havia sido de 0,15%. O \u00edndice que representa o custo da m\u00e3o de obra registrou taxa de 0,28%. No m\u00eas anterior, este grupo variou 0,55%.<\/p>\n<p>Fernanda Cruz \u2013 Rep\u00f3rter da Ag\u00eancia Brasil<br \/>\nEdi\u00e7\u00e3o: Denise Griesinger<br \/>\n31\/01\/2017<\/p>\n","protected":false},"excerpt":{"rendered":"<p>O \u00cdndice Geral de Pre\u00e7os \u2013 Mercado (IGP-M), usado no reajuste de alugueis, registrou alta de 6,65% no acumulado de 12 meses at\u00e9 janeiro, segundo a Funda\u00e7\u00e3o Getulio Vargas. Em janeiro, a alta foi de 0,64%, ante 0,54% em dezembro. Em janeiro de 2016, a varia\u00e7\u00e3o foi de 1,14%. O resultado do IGP-M \u00e9 calculado [&hellip;]<\/p>\n","protected":false},"author":2,"featured_media":38938,"comment_status":"open","ping_status":"closed","sticky":false,"template":"","format":"standard","meta":{"_genesis_hide_title":false,"_genesis_hide_breadcrumbs":false,"_genesis_hide_singular_image":false,"_genesis_hide_footer_widgets":false,"_genesis_custom_body_class":"","_genesis_custom_post_class":"","_genesis_layout":"","_jetpack_memberships_contains_paid_content":false,"footnotes":""},"categories":[22,7],"tags":[],"class_list":{"0":"post-105789","1":"post","2":"type-post","3":"status-publish","4":"format-standard","5":"has-post-thumbnail","7":"category-brasil","8":"category-economia","9":"entry","10":"gs-1","11":"gs-odd","12":"gs-even","13":"gs-featured-content-entry"},"jetpack_featured_media_url":"https:\/\/www.redenoticia.com.br\/noticia\/imagens\/economia1.jpg","jetpack_sharing_enabled":true,"jetpack_likes_enabled":true,"_links":{"self":[{"href":"https:\/\/www.redenoticia.com.br\/noticia\/wp-json\/wp\/v2\/posts\/105789","targetHints":{"allow":["GET"]}}],"collection":[{"href":"https:\/\/www.redenoticia.com.br\/noticia\/wp-json\/wp\/v2\/posts"}],"about":[{"href":"https:\/\/www.redenoticia.com.br\/noticia\/wp-json\/wp\/v2\/types\/post"}],"author":[{"embeddable":true,"href":"https:\/\/www.redenoticia.com.br\/noticia\/wp-json\/wp\/v2\/users\/2"}],"replies":[{"embeddable":true,"href":"https:\/\/www.redenoticia.com.br\/noticia\/wp-json\/wp\/v2\/comments?post=105789"}],"version-history":[{"count":0,"href":"https:\/\/www.redenoticia.com.br\/noticia\/wp-json\/wp\/v2\/posts\/105789\/revisions"}],"wp:featuredmedia":[{"embeddable":true,"href":"https:\/\/www.redenoticia.com.br\/noticia\/wp-json\/wp\/v2\/media\/38938"}],"wp:attachment":[{"href":"https:\/\/www.redenoticia.com.br\/noticia\/wp-json\/wp\/v2\/media?parent=105789"}],"wp:term":[{"taxonomy":"category","embeddable":true,"href":"https:\/\/www.redenoticia.com.br\/noticia\/wp-json\/wp\/v2\/categories?post=105789"},{"taxonomy":"post_tag","embeddable":true,"href":"https:\/\/www.redenoticia.com.br\/noticia\/wp-json\/wp\/v2\/tags?post=105789"}],"curies":[{"name":"wp","href":"https:\/\/api.w.org\/{rel}","templated":true}]}}