{"id":105675,"date":"2017-01-30T01:18:10","date_gmt":"2017-01-30T03:18:10","guid":{"rendered":"http:\/\/www.redenoticia.com.br\/noticia\/?p=105675"},"modified":"2017-01-29T16:19:38","modified_gmt":"2017-01-29T18:19:38","slug":"instituicoes-canadenses-oferecem-oportunidade-para-jovens-pesquisadores","status":"publish","type":"post","link":"https:\/\/www.redenoticia.com.br\/noticia\/2017\/instituicoes-canadenses-oferecem-oportunidade-para-jovens-pesquisadores\/105675","title":{"rendered":"Institui\u00e7\u00f5es canadenses oferecem oportunidade para jovens pesquisadores"},"content":{"rendered":"<p> Ag\u00eancia FAPESP \u2013 O CIFAR Azrieli Global Scholars, programa vinculado ao Canadian Institute for Advanced Research (CIFAR) e apoiado pela Azrieli Fondation, lan\u00e7ar\u00e1, em 1\u00ba de mar\u00e7o, <strong><em>chamada de proposta para apoiar jovens pesquisadores<\/em><\/strong> de qualquer parte do mundo. Os interessados devem ter destaque em suas \u00e1reas de conhecimento e ter iniciado carreira acad\u00eamica h\u00e1 n\u00e3o mais de cinco anos. O prazo de submiss\u00e3o encerrar\u00e1 em 23 de maio.<\/p>\n<p>Os selecionados receber\u00e3o at\u00e9 100 mil d\u00f3lares canadenses para o desenvolvimento de pesquisa, integrar\u00e3o por at\u00e9 dois anos um programa de pesquisa do CIFAR, al\u00e9m de receber mentoria e ter oportunidades de estabelecer colabora\u00e7\u00f5es com l\u00edderes globais de v\u00e1rias disciplinas em encontros agendados para duas ou tr\u00eas vezes por ano.<\/p>\n<p>O processo de sele\u00e7\u00e3o prev\u00ea entrevistas pessoais entre os dias 16 e 17 de setembro, em Toronto, no Canad\u00e1.<\/p>\n<p>Criado em 1982, o CIFAR conta com 400 associados \u2013 entre eles, 18 pr\u00eamios Nobel \u2013 em 130 institui\u00e7\u00f5es em 17 pa\u00edses.<\/p>\n<p>Para mais informa\u00e7\u00f5es acesse .<\/p>\n","protected":false},"excerpt":{"rendered":"<p>Ag\u00eancia FAPESP \u2013 O CIFAR Azrieli Global Scholars, programa vinculado ao Canadian Institute for Advanced Research (CIFAR) e apoiado pela Azrieli Fondation, lan\u00e7ar\u00e1, em 1\u00ba de mar\u00e7o, chamada de proposta para apoiar jovens pesquisadores de qualquer parte do mundo. Os interessados devem ter destaque em suas \u00e1reas de conhecimento e ter iniciado carreira acad\u00eamica h\u00e1 [&hellip;]<\/p>\n","protected":false},"author":2,"featured_media":28951,"comment_status":"open","ping_status":"closed","sticky":false,"template":"","format":"standard","meta":{"_genesis_hide_title":false,"_genesis_hide_breadcrumbs":false,"_genesis_hide_singular_image":false,"_genesis_hide_footer_widgets":false,"_genesis_custom_body_class":"","_genesis_custom_post_class":"","_genesis_layout":"","_jetpack_memberships_contains_paid_content":false,"footnotes":""},"categories":[22,370,353],"tags":[],"class_list":{"0":"post-105675","1":"post","2":"type-post","3":"status-publish","4":"format-standard","5":"has-post-thumbnail","7":"category-brasil","8":"category-inscricao","9":"category-oportunidades","10":"entry","11":"gs-1","12":"gs-odd","13":"gs-even","14":"gs-featured-content-entry"},"jetpack_featured_media_url":"https:\/\/www.redenoticia.com.br\/noticia\/imagens\/concurso-inscricao-vagas-ate.jpg","jetpack_sharing_enabled":true,"jetpack_likes_enabled":true,"_links":{"self":[{"href":"https:\/\/www.redenoticia.com.br\/noticia\/wp-json\/wp\/v2\/posts\/105675","targetHints":{"allow":["GET"]}}],"collection":[{"href":"https:\/\/www.redenoticia.com.br\/noticia\/wp-json\/wp\/v2\/posts"}],"about":[{"href":"https:\/\/www.redenoticia.com.br\/noticia\/wp-json\/wp\/v2\/types\/post"}],"author":[{"embeddable":true,"href":"https:\/\/www.redenoticia.com.br\/noticia\/wp-json\/wp\/v2\/users\/2"}],"replies":[{"embeddable":true,"href":"https:\/\/www.redenoticia.com.br\/noticia\/wp-json\/wp\/v2\/comments?post=105675"}],"version-history":[{"count":0,"href":"https:\/\/www.redenoticia.com.br\/noticia\/wp-json\/wp\/v2\/posts\/105675\/revisions"}],"wp:featuredmedia":[{"embeddable":true,"href":"https:\/\/www.redenoticia.com.br\/noticia\/wp-json\/wp\/v2\/media\/28951"}],"wp:attachment":[{"href":"https:\/\/www.redenoticia.com.br\/noticia\/wp-json\/wp\/v2\/media?parent=105675"}],"wp:term":[{"taxonomy":"category","embeddable":true,"href":"https:\/\/www.redenoticia.com.br\/noticia\/wp-json\/wp\/v2\/categories?post=105675"},{"taxonomy":"post_tag","embeddable":true,"href":"https:\/\/www.redenoticia.com.br\/noticia\/wp-json\/wp\/v2\/tags?post=105675"}],"curies":[{"name":"wp","href":"https:\/\/api.w.org\/{rel}","templated":true}]}}