{"id":10554,"date":"2009-09-02T19:02:49","date_gmt":"2009-09-02T23:02:49","guid":{"rendered":"http:\/\/www.redenoticia.com.br\/noticia\/?p=10554"},"modified":"2009-09-02T19:02:49","modified_gmt":"2009-09-02T23:02:49","slug":"escola-de-aplicacao-se-prepara-para-novo-formato-no-ensino-fundamental","status":"publish","type":"post","link":"https:\/\/www.redenoticia.com.br\/noticia\/2009\/escola-de-aplicacao-se-prepara-para-novo-formato-no-ensino-fundamental\/10554","title":{"rendered":"Escola de Aplica\u00e7\u00e3o se prepara para novo formato no ensino fundamental"},"content":{"rendered":"<p>De acordo com a Lei n\u00ba 11.274\/ 06, a partir de 2010, o ensino fundamental de 1\u00aa a 8\u00aa s\u00e9rie, que conhecemos, ser\u00e1 substitu\u00eddo pelo <strong>ensino fundamental de 9 ano<\/strong><strong>s<\/strong> e dividido em tr\u00eas ciclos. Como a matr\u00edcula, nessa etapa da educa\u00e7\u00e3o, passa a ser obrigat\u00f3ria a partir dos seis anos de idade, todas as escolas da rede p\u00fablica ter\u00e3o de passar por uma adequa\u00e7\u00e3o que vai desde o espa\u00e7o f\u00edsico at\u00e9 as formas de gest\u00e3o, a dura\u00e7\u00e3o das aulas, os programas, os curr\u00edculos,\u00a0 as metodologias, as avalia\u00e7\u00f5es e outros. Em fun\u00e7\u00e3o disso, aconteceu, nesta ter\u00e7a, uma capacita\u00e7\u00e3o para os t\u00e9cnicos, os professores, os representantes da comunidade, dos pais, dos alunos e para outros interessados da Escola de Aplica\u00e7\u00e3o da Universidade Federal do Par\u00e1 (UFPA). O treinamento foi ministrado pela t\u00e9cnica em Assuntos Educacionais do Minist\u00e9rio da Educa\u00e7\u00e3o (MEC), Aric\u00e9lia Ribeiro do Nascimento, durante toda esta ter\u00e7a-feira, por isso a Escola n\u00e3o funcionar\u00e1.<br \/>\nNa pr\u00e1tica, al\u00e9m da mudan\u00e7a na nomenclatura, aconteceu que, antes, aquilo que era ensinado em um ano na primeira s\u00e9rie do ensino fundamental, agora, vai demorar dois, tr\u00eas anos, per\u00edodo batizado de ciclo. S\u00e3o tr\u00eas ciclos, cada um com tr\u00eas anos, um sistema que, segundo o MEC, flexibiliza as dimens\u00f5es do tempo escolar. O aluno passar\u00e1 no primeiro ciclo dos 6 aos 8 anos; no segundo, dos 9 aos 11 e; no terceiro, dos 12 aos 14. O formato s\u00f3 permite a reprova\u00e7\u00e3o do aluno ao final de cada ciclo.<br \/>\nSimei Santos Andrade, da Coordenadoria de Educa\u00e7\u00e3o B\u00e1sica e Profissional da Pr\u00f3-Reitoria de Ensino de Gradua\u00e7\u00e3o (PROEG) e organizadora da capacita\u00e7\u00e3o, conta que, desde 2006, acontece a implementa\u00e7\u00e3o do ensino de 9 anos no Brasil, mas, na Escola de Aplica\u00e7\u00e3o, s\u00f3 se discutia o tema, a implementa\u00e7\u00e3o, de fato, acontecer\u00e1 neste semestre.<br \/>\nBasicamente, a orientadora do MEC ouviu as d\u00favidas dos participantes da capacita\u00e7\u00e3o, porque, segundo Simei, todos j\u00e1 est\u00e3o estudando a legisla\u00e7\u00e3o, a base te\u00f3rica que vai formatar essa nova estrutura de ensino. \u201cMas ainda temos d\u00favidas b\u00e1sicas, por exemplo, se essa implanta\u00e7\u00e3o vai ocorrer paralelamente ao ensino de 8 s\u00e9ries que j\u00e1 existe. Ela vai nos dar direcionamentos acerca de como podemos formatar melhor essa proposta e como a comunidade pode participar dessa nova estrutura para que a Escola siga o objetivo de ser uma escola de aplica\u00e7\u00e3o, atendendo toda a comunidade\u201d, afirma Simei.<br \/>\n\u201cO mais interessante disso \u00e9 que agora o aluno de 6 anos ter\u00e1 oportunidade de ingressar no ensino obrigat\u00f3rio cedo e poder\u00e1 passar mais tempo na escola. Dificuldades de integra\u00e7\u00e3o de \u00e1reas, de professores e dos pr\u00f3prios alunos ser\u00e3o enfrentadas, mas o resultado ser\u00e1 mais significativo e n\u00e3o s\u00f3 a comunidade ir\u00e1 ganhar, como tamb\u00e9m o aluno, porque ele ter\u00e1 um desenvolvimento melhor\u201d, acredita a coordenadora da Coordenadoria de Educa\u00e7\u00e3o B\u00e1sica e Profissional.<\/p>\n","protected":false},"excerpt":{"rendered":"<p>De acordo com a Lei n\u00ba 11.274\/ 06, a partir de 2010, o ensino fundamental de 1\u00aa a 8\u00aa s\u00e9rie, que conhecemos, ser\u00e1 substitu\u00eddo pelo ensino fundamental de 9 anos e dividido em tr\u00eas ciclos. Como a matr\u00edcula, nessa etapa da educa\u00e7\u00e3o, passa a ser obrigat\u00f3ria a partir dos seis anos de idade, todas as [&hellip;]<\/p>\n","protected":false},"author":2,"featured_media":0,"comment_status":"open","ping_status":"open","sticky":false,"template":"","format":"standard","meta":{"_genesis_hide_title":false,"_genesis_hide_breadcrumbs":false,"_genesis_hide_singular_image":false,"_genesis_hide_footer_widgets":false,"_genesis_custom_body_class":"","_genesis_custom_post_class":"","_genesis_layout":"","_jetpack_memberships_contains_paid_content":false,"footnotes":""},"categories":[22],"tags":[],"class_list":{"0":"post-10554","1":"post","2":"type-post","3":"status-publish","4":"format-standard","6":"category-brasil","7":"entry","8":"gs-1","9":"gs-odd","10":"gs-even","11":"gs-featured-content-entry"},"jetpack_featured_media_url":"","jetpack_sharing_enabled":true,"jetpack_likes_enabled":true,"_links":{"self":[{"href":"https:\/\/www.redenoticia.com.br\/noticia\/wp-json\/wp\/v2\/posts\/10554","targetHints":{"allow":["GET"]}}],"collection":[{"href":"https:\/\/www.redenoticia.com.br\/noticia\/wp-json\/wp\/v2\/posts"}],"about":[{"href":"https:\/\/www.redenoticia.com.br\/noticia\/wp-json\/wp\/v2\/types\/post"}],"author":[{"embeddable":true,"href":"https:\/\/www.redenoticia.com.br\/noticia\/wp-json\/wp\/v2\/users\/2"}],"replies":[{"embeddable":true,"href":"https:\/\/www.redenoticia.com.br\/noticia\/wp-json\/wp\/v2\/comments?post=10554"}],"version-history":[{"count":0,"href":"https:\/\/www.redenoticia.com.br\/noticia\/wp-json\/wp\/v2\/posts\/10554\/revisions"}],"wp:attachment":[{"href":"https:\/\/www.redenoticia.com.br\/noticia\/wp-json\/wp\/v2\/media?parent=10554"}],"wp:term":[{"taxonomy":"category","embeddable":true,"href":"https:\/\/www.redenoticia.com.br\/noticia\/wp-json\/wp\/v2\/categories?post=10554"},{"taxonomy":"post_tag","embeddable":true,"href":"https:\/\/www.redenoticia.com.br\/noticia\/wp-json\/wp\/v2\/tags?post=10554"}],"curies":[{"name":"wp","href":"https:\/\/api.w.org\/{rel}","templated":true}]}}