{"id":105236,"date":"2017-01-25T01:33:21","date_gmt":"2017-01-25T03:33:21","guid":{"rendered":"http:\/\/www.redenoticia.com.br\/noticia\/?p=105236"},"modified":"2017-01-24T20:35:11","modified_gmt":"2017-01-24T22:35:11","slug":"optical-society-foundation-e-quantel-laser-lancam-chamada-de-proposta","status":"publish","type":"post","link":"https:\/\/www.redenoticia.com.br\/noticia\/2017\/optical-society-foundation-e-quantel-laser-lancam-chamada-de-proposta\/105236","title":{"rendered":"Optical Society Foundation e Quantel Laser lan\u00e7am chamada de proposta"},"content":{"rendered":"<p>Ag\u00eancia FAPESP \u2013 A  (OSAF) e a\u00a0 \u2013 fabricante de sistemas de laser de estado s\u00f3lido para aplica\u00e7\u00f5es cient\u00edficas, militares, industriais e m\u00e9dicas \u2013 lan\u00e7aram <strong><em>chamada de proposta para a comunidade de fot\u00f4nica<\/em><\/strong>, a .<\/p>\n<p>As propostas devem envolver aplica\u00e7\u00f5es que requeiram o uso de sistema de laser do  da Quantel Laser. A proposta vencedora receber\u00e1 um pr\u00eamio equivalente a US$ 30 mil em equipamentos da Quantel Laser. O prazo de submiss\u00e3o encerra em 1\u00ba de mar\u00e7o.<\/p>\n<p>As propostas devem ser apresentadas por profissionais \u2013 pesquisadores, engenheiros, empres\u00e1rios e estudantes \u2013 ligados a institui\u00e7\u00f5es ou organiza\u00e7\u00f5es n\u00e3o governamentais, mesmo aqueles que n\u00e3o sejam membros da OSA. N\u00e3o ser\u00e3o aceitas submiss\u00f5es individuais.<\/p>\n<p>As propostas ser\u00e3o avaliadas por uma banca independente de revisores e analisadas por crit\u00e9rios de originalidade, m\u00e9rito e viabilidade.<\/p>\n<p>As propostas finalistas ser\u00e3o apresentadas na Conference on Lasers and Electro-Optics (CLEO), que ser\u00e1 realizada de 14 a 19 de maio, em S\u00e3o Jos\u00e9, Calif\u00f3rnia, nos Estados Unidos.<\/p>\n<p>Para mais informa\u00e7\u00f5es e instru\u00e7\u00e3o sobre a aplica\u00e7\u00e3o das propostas acesse .<\/p>\n<p>Outras informa\u00e7\u00f5es podem ser obtidas pelo e-mail OSAFgrants@osa.org.<\/p>\n","protected":false},"excerpt":{"rendered":"<p>Ag\u00eancia FAPESP \u2013 A (OSAF) e a\u00a0 \u2013 fabricante de sistemas de laser de estado s\u00f3lido para aplica\u00e7\u00f5es cient\u00edficas, militares, industriais e m\u00e9dicas \u2013 lan\u00e7aram chamada de proposta para a comunidade de fot\u00f4nica, a . As propostas devem envolver aplica\u00e7\u00f5es que requeiram o uso de sistema de laser do da Quantel Laser. A proposta vencedora [&hellip;]<\/p>\n","protected":false},"author":2,"featured_media":28951,"comment_status":"open","ping_status":"closed","sticky":false,"template":"","format":"standard","meta":{"_genesis_hide_title":false,"_genesis_hide_breadcrumbs":false,"_genesis_hide_singular_image":false,"_genesis_hide_footer_widgets":false,"_genesis_custom_body_class":"","_genesis_custom_post_class":"","_genesis_layout":"","_jetpack_memberships_contains_paid_content":false,"footnotes":""},"categories":[22,370,353],"tags":[],"class_list":{"0":"post-105236","1":"post","2":"type-post","3":"status-publish","4":"format-standard","5":"has-post-thumbnail","7":"category-brasil","8":"category-inscricao","9":"category-oportunidades","10":"entry","11":"gs-1","12":"gs-odd","13":"gs-even","14":"gs-featured-content-entry"},"jetpack_featured_media_url":"https:\/\/www.redenoticia.com.br\/noticia\/imagens\/concurso-inscricao-vagas-ate.jpg","jetpack_sharing_enabled":true,"jetpack_likes_enabled":true,"_links":{"self":[{"href":"https:\/\/www.redenoticia.com.br\/noticia\/wp-json\/wp\/v2\/posts\/105236","targetHints":{"allow":["GET"]}}],"collection":[{"href":"https:\/\/www.redenoticia.com.br\/noticia\/wp-json\/wp\/v2\/posts"}],"about":[{"href":"https:\/\/www.redenoticia.com.br\/noticia\/wp-json\/wp\/v2\/types\/post"}],"author":[{"embeddable":true,"href":"https:\/\/www.redenoticia.com.br\/noticia\/wp-json\/wp\/v2\/users\/2"}],"replies":[{"embeddable":true,"href":"https:\/\/www.redenoticia.com.br\/noticia\/wp-json\/wp\/v2\/comments?post=105236"}],"version-history":[{"count":0,"href":"https:\/\/www.redenoticia.com.br\/noticia\/wp-json\/wp\/v2\/posts\/105236\/revisions"}],"wp:featuredmedia":[{"embeddable":true,"href":"https:\/\/www.redenoticia.com.br\/noticia\/wp-json\/wp\/v2\/media\/28951"}],"wp:attachment":[{"href":"https:\/\/www.redenoticia.com.br\/noticia\/wp-json\/wp\/v2\/media?parent=105236"}],"wp:term":[{"taxonomy":"category","embeddable":true,"href":"https:\/\/www.redenoticia.com.br\/noticia\/wp-json\/wp\/v2\/categories?post=105236"},{"taxonomy":"post_tag","embeddable":true,"href":"https:\/\/www.redenoticia.com.br\/noticia\/wp-json\/wp\/v2\/tags?post=105236"}],"curies":[{"name":"wp","href":"https:\/\/api.w.org\/{rel}","templated":true}]}}