{"id":105083,"date":"2017-01-23T01:28:02","date_gmt":"2017-01-23T03:28:02","guid":{"rendered":"http:\/\/www.redenoticia.com.br\/noticia\/?p=105083"},"modified":"2017-01-22T17:29:36","modified_gmt":"2017-01-22T19:29:36","slug":"cebrap-abre-inscricoes-para-programa-internacional-de-pos-doutorado","status":"publish","type":"post","link":"https:\/\/www.redenoticia.com.br\/noticia\/2017\/cebrap-abre-inscricoes-para-programa-internacional-de-pos-doutorado\/105083","title":{"rendered":"Cebrap abre inscri\u00e7\u00f5es para Programa Internacional de P\u00f3s-Doutorado"},"content":{"rendered":"<p> Ag\u00eancia FAPESP \u2013 O Centro Brasileiro de An\u00e1lise e Planejamento (Cebrap) abriu inscri\u00e7\u00f5es para o <em><strong>Programa Internacional de P\u00f3s-Doutorado<\/strong> <\/em>2017. O programa selecionar\u00e1 at\u00e9 15 doutores de diferentes nacionalidades, formados no Brasil e no exterior, e ter\u00e1 dura\u00e7\u00e3o e um ano. O prazo de inscri\u00e7\u00e3o encerra em 28 de fevereiro.<\/p>\n<p>O Programa tem por objetivo completar a forma\u00e7\u00e3o de doutores proporcionando-lhes uma experi\u00eancia interdisciplinar para lidar com temas que requerem abordagens que ultrapassem as fronteiras das disciplinas nas quais foram treinados.<\/p>\n<p>Os interessados devem ter o t\u00edtulo de doutor em antropologia, ci\u00eancia pol\u00edtica, demografia, direito, economia, filosofia, hist\u00f3ria e sociologia, com interesses de pesquisa relacionados aos temas estudados nos n\u00facleos de pesquisa do Cebrap.<\/p>\n<p>Para mais informa\u00e7\u00f5es sobre o programa e sobre o processo de sele\u00e7\u00e3o, acesse .<\/p>\n<p>Outras informa\u00e7\u00f5es est\u00e3o dispon\u00edveis no site .<\/p>\n<p>&#8212;<br \/>\nFundado em 1969, por um grupo de professores, em sua maioria afastados das universidades pelo regime militar, o Cebrap destacou-se na cena nacional com semin\u00e1rios, publica\u00e7\u00f5es e pesquisas marcados por um car\u00e1ter de resist\u00eancia pol\u00edtica e produ\u00e7\u00e3o de conhecimento cr\u00edtico independente.<\/p>\n<p>Ativo h\u00e1 mais de quatro d\u00e9cadas, o Cebrap &#8211; uma institui\u00e7\u00e3o sem fins lucrativos &#8211; j\u00e1 realizou mais de 500 projetos de pesquisa, trabalhou com cerca de 200 parceiros nacionais e internacionais e se consolidou como centro de pesquisa em humanidades de alto padr\u00e3o, refer\u00eancia na produ\u00e7\u00e3o de conhecimento de ponta nas diferentes ci\u00eancias sociais, na filosofia como tamb\u00e9m na cr\u00edtica liter\u00e1ria e art\u00edstica, albergando alguns dos maiores intelectuais do pa\u00eds, e funcionando como f\u00f3rum de debate sobre os grandes problemas nacionais. O Cebrap \u00e9 o\u00a014\u00ba melhor think tank da Am\u00e9rica Latina e Caribe, entre todas as categorias definidas,\u00a0e est\u00e1\u00a0 entre os 40 melhores do mundo na categoria \u201cOutstanding Policy-Oriented Research Programs\u201d, segundo ranking da Universade da Pensilv\u00e2nia, de 2013.<\/p>\n<p>O Cebrap \u00e9 hoje um centro de pesquisa globalizado, com parcerias internacionais de longa dura\u00e7\u00e3o com institutos, universidades, ag\u00eancias de fomento e associa\u00e7\u00f5es civis, principalmente de Europa e Estados Unidos, como tamb\u00e9m de \u00cdndia, \u00c1frica, China e Am\u00e9rica Latina.<\/p>\n<p>O foco do Cebrap \u00e9 a an\u00e1lise e interven\u00e7\u00e3o na realidade brasileira, com um estilo de trabalho pr\u00f3prio, que enfatiza a compara\u00e7\u00e3o, combina especializa\u00e7\u00e3o e interdisciplinaridade, em di\u00e1logo constante entre as diferentes perspectivas te\u00f3ricas e metodol\u00f3gicas de seus antrop\u00f3logos, cientistas pol\u00edticos, dem\u00f3grafos, economistas, fil\u00f3sofos, historiadores, juristas e soci\u00f3logos.<\/p>\n","protected":false},"excerpt":{"rendered":"<p>Ag\u00eancia FAPESP \u2013 O Centro Brasileiro de An\u00e1lise e Planejamento (Cebrap) abriu inscri\u00e7\u00f5es para o Programa Internacional de P\u00f3s-Doutorado 2017. O programa selecionar\u00e1 at\u00e9 15 doutores de diferentes nacionalidades, formados no Brasil e no exterior, e ter\u00e1 dura\u00e7\u00e3o e um ano. O prazo de inscri\u00e7\u00e3o encerra em 28 de fevereiro. O Programa tem por objetivo [&hellip;]<\/p>\n","protected":false},"author":2,"featured_media":37419,"comment_status":"open","ping_status":"closed","sticky":false,"template":"","format":"standard","meta":{"_genesis_hide_title":false,"_genesis_hide_breadcrumbs":false,"_genesis_hide_singular_image":false,"_genesis_hide_footer_widgets":false,"_genesis_custom_body_class":"","_genesis_custom_post_class":"","_genesis_layout":"","_jetpack_memberships_contains_paid_content":false,"footnotes":""},"categories":[22,370,353],"tags":[],"class_list":{"0":"post-105083","1":"post","2":"type-post","3":"status-publish","4":"format-standard","5":"has-post-thumbnail","7":"category-brasil","8":"category-inscricao","9":"category-oportunidades","10":"entry","11":"gs-1","12":"gs-odd","13":"gs-even","14":"gs-featured-content-entry"},"jetpack_featured_media_url":"https:\/\/www.redenoticia.com.br\/noticia\/imagens\/computador-tecnologia.jpg","jetpack_sharing_enabled":true,"jetpack_likes_enabled":true,"_links":{"self":[{"href":"https:\/\/www.redenoticia.com.br\/noticia\/wp-json\/wp\/v2\/posts\/105083","targetHints":{"allow":["GET"]}}],"collection":[{"href":"https:\/\/www.redenoticia.com.br\/noticia\/wp-json\/wp\/v2\/posts"}],"about":[{"href":"https:\/\/www.redenoticia.com.br\/noticia\/wp-json\/wp\/v2\/types\/post"}],"author":[{"embeddable":true,"href":"https:\/\/www.redenoticia.com.br\/noticia\/wp-json\/wp\/v2\/users\/2"}],"replies":[{"embeddable":true,"href":"https:\/\/www.redenoticia.com.br\/noticia\/wp-json\/wp\/v2\/comments?post=105083"}],"version-history":[{"count":0,"href":"https:\/\/www.redenoticia.com.br\/noticia\/wp-json\/wp\/v2\/posts\/105083\/revisions"}],"wp:featuredmedia":[{"embeddable":true,"href":"https:\/\/www.redenoticia.com.br\/noticia\/wp-json\/wp\/v2\/media\/37419"}],"wp:attachment":[{"href":"https:\/\/www.redenoticia.com.br\/noticia\/wp-json\/wp\/v2\/media?parent=105083"}],"wp:term":[{"taxonomy":"category","embeddable":true,"href":"https:\/\/www.redenoticia.com.br\/noticia\/wp-json\/wp\/v2\/categories?post=105083"},{"taxonomy":"post_tag","embeddable":true,"href":"https:\/\/www.redenoticia.com.br\/noticia\/wp-json\/wp\/v2\/tags?post=105083"}],"curies":[{"name":"wp","href":"https:\/\/api.w.org\/{rel}","templated":true}]}}