{"id":105,"date":"2009-04-07T11:35:00","date_gmt":"2009-04-07T14:35:00","guid":{"rendered":"http:\/\/www.redenoticia.com.br\/noticia\/?p=105"},"modified":"2009-04-09T22:44:23","modified_gmt":"2009-04-10T01:44:23","slug":"parem-as-maquinas","status":"publish","type":"post","link":"https:\/\/www.redenoticia.com.br\/noticia\/2009\/parem-as-maquinas\/105","title":{"rendered":"Parem as m\u00e1quinas!"},"content":{"rendered":"<p><em>por Mario Persona<\/em><\/p>\n<p>Quando eu era crian\u00e7a, se algu\u00e9m me perguntasse qual seria o futuro do jornal eu saberia responder: o a\u00e7ougue. \u00c9 que na \u00e9poca eu achava que jornal eram aquelas folhas enormes que entravam em nossa casa de duas maneiras: para meu pai ler ou embrulhando a carne.<\/p>\n<p>Hoje sei que jornal n\u00e3o \u00e9 a plataforma que ora transporta as letras, ora a carne. Ainda que o jornal de papel desapare\u00e7a, o papel do jornal n\u00e3o vai desaparecer, pois o jornal \u00e9 o blog da Hist\u00f3ria. \u00c9 nele que dona Hist\u00f3ria registra diariamente aquilo que depois ser\u00e1 estudado na academia.<\/p>\n<p>H\u00e1 alguns anos um grande jornal pediu uma proposta para uma palestra. Os diretores queriam conhecer minha opini\u00e3o sobre o impacto das novas tecnologias em seu neg\u00f3cio. Enviei a eles uma proposta contendo os t\u00f3picos abaixo, que podem servir de axiomas para o futuro do jornal impresso. Fique avisado de que escrevi mais nas entrelinhas do que nas linhas.<\/p>\n<p><strong>&#8211; NEG\u00d3CIOS &#8211;<\/strong><br \/>\nO neg\u00f3cio do jornal n\u00e3o \u00e9 imprimir papel, mas causar impress\u00f5es com sua investiga\u00e7\u00e3o, an\u00e1lise e interpreta\u00e7\u00e3o dos fatos.<\/p>\n<p><strong>&#8211; VE\u00cdCULOS &#8211;<\/strong><br \/>\nO fabricante do Cadillac n\u00e3o conseguia entender a raz\u00e3o da queda nas vendas, at\u00e9 perceber que os donos de Cadillac estavam morrendo.<\/p>\n<p><strong>&#8211; HOR\u00d3SCOPO &#8211;<\/strong><br \/>\nAs express\u00f5es &#8220;the future of the radio&#8221;, &#8220;the future of the television&#8221; e &#8220;the future of the newspaper&#8221; aparecem, respectivamente, 30 mil, 90 mil e 990 mil vezes numa busca no Google. Quando tem muita gente olhando para o telhado \u00e9 porque sua gata deve ter subido l\u00e1.<\/p>\n<p><strong>&#8211; POL\u00cdCIA &#8211;<\/strong><br \/>\n\u00c9 dif\u00edcil competir com a les\u00e3o ao vivo e em cores dos meios multim\u00eddia. Finalmente o jornal conseguiu se livrar do estigma da m\u00e1xima que diz que &#8220;se n\u00e3o sangrar, n\u00e3o tem audi\u00eancia&#8221;. Pior para ele.<\/p>\n<p><strong>&#8211; TEEN &#8211;<\/strong><br \/>\nA gera\u00e7\u00e3o atual aprendeu a ler no videogame, mas quando a pesquisa pergunta ao jovem se ele l\u00ea jornal de papel ele diz que sim com pinta de intelectual. Pesquisados s\u00e3o mentirosos e pesquisas s\u00e3o ing\u00eanuas.<\/p>\n<p><strong>&#8211; ECONOMIA &#8211;<\/strong><br \/>\nA verba de propaganda foi t\u00e3o pulverizada que agora a briga por ela \u00e9 entre o conglomerado com 10 mil funcion\u00e1rios e o blog do Zezinho, aquele seu sobrinho.<\/p>\n<p><strong>&#8211; ESPORTES &#8211;<\/strong><br \/>\nO consumo de banda e computa\u00e7\u00e3o m\u00f3vel cresce. \u00c9 covardia deixar seus caracteres de tinta correrem na mesma raia dos pixels multim\u00eddia.<\/p>\n<p><strong>&#8211; CLASSIFICADOS &#8211;<\/strong><br \/>\nOs classificados foram desclassificados e reclassificados pelo Google e pelo eBay. O balc\u00e3o de an\u00fancios foi colocado \u00e0 venda l\u00e1.<\/p>\n<p><strong>&#8211; TURISMO &#8211;<\/strong><br \/>\nInsistir que a informa\u00e7\u00e3o continue limitada ao papel \u00e9 obrigar os avi\u00f5es a viajarem em trilhos. Quest\u00e3o de bom senso na log\u00edstica de distribui\u00e7\u00e3o.<\/p>\n<p><strong>&#8211; CULTURA &#8211;<\/strong><br \/>\nNa era do RSS (Real Simple Syndication) e da remixagem digital, a tecnologia desbanca a autoria individual, quando gen\u00e9rica e sem sal, e cria colchas de retalhos de informa\u00e7\u00e3o em cores mais vibrantes.<\/p>\n<p><strong>&#8211; OBITU\u00c1RIO &#8211;<\/strong><br \/>\nVale para o jornal impresso o que vale para o rei: &#8220;O jornal morreu. Viva o jornal!&#8221;<\/p>\n<p>Voc\u00ea deve estar curioso para saber se aquele jornal gostou da proposta. Provavelmente n\u00e3o, porque n\u00e3o me contratou. \u00c0s vezes voc\u00ea precisa dizer aquilo que seu cliente quer ouvir, \u00e0s vezes n\u00e3o.<\/p>\n<p>Existe uma tend\u00eancia perigosa no ser humano de buscar por opini\u00f5es que n\u00e3o d\u00eaem trombada em sua opini\u00e3o formada. Perguntado sobre a raz\u00e3o do desinteresse da nova gera\u00e7\u00e3o em comprar jornais, um especialista que presta servi\u00e7os para grandes conglomerados respondeu: &#8220;Deve ser porque os jovens est\u00e3o lendo o jornal comprado pelos pais&#8221;. Ingenuidade ou conveni\u00eancia?<\/p>\n<p>N\u00e3o, eu n\u00e3o sei informar se foi esse que o jornal contratou para a palestra.<\/p>\n<p style=\"MARGIN: 0cm 0cm 0pt\"><a href=\"http:\/\/www.mariopersona.com.br\/cafe\/archives\/00000249.htm\">Leia mais<\/a>.<\/p>\n<p style=\"MARGIN: 0cm 0cm 0pt\">\u00a0<\/p>\n<p style=\"MARGIN: 0cm 0cm 0pt\">Foto mariocapa e mario<\/p>\n<p style=\"MARGIN: 0cm 0cm 0pt\">\u00a0<\/p>\n","protected":false},"excerpt":{"rendered":"<p>por Mario Persona Quando eu era crian\u00e7a, se algu\u00e9m me perguntasse qual seria o futuro do jornal eu saberia responder: o a\u00e7ougue. \u00c9 que na \u00e9poca eu achava que jornal eram aquelas folhas enormes que entravam em nossa casa de duas maneiras: para meu pai ler ou embrulhando a carne. Hoje sei que jornal n\u00e3o [&hellip;]<\/p>\n","protected":false},"author":2,"featured_media":0,"comment_status":"open","ping_status":"open","sticky":false,"template":"","format":"standard","meta":{"_genesis_hide_title":false,"_genesis_hide_breadcrumbs":false,"_genesis_hide_singular_image":false,"_genesis_hide_footer_widgets":false,"_genesis_custom_body_class":"","_genesis_custom_post_class":"","_genesis_layout":"","_jetpack_memberships_contains_paid_content":false,"footnotes":""},"categories":[7],"tags":[],"class_list":{"0":"post-105","1":"post","2":"type-post","3":"status-publish","4":"format-standard","6":"category-economia","7":"entry","8":"gs-1","9":"gs-odd","10":"gs-even","11":"gs-featured-content-entry"},"jetpack_featured_media_url":"","jetpack_sharing_enabled":true,"jetpack_likes_enabled":true,"_links":{"self":[{"href":"https:\/\/www.redenoticia.com.br\/noticia\/wp-json\/wp\/v2\/posts\/105","targetHints":{"allow":["GET"]}}],"collection":[{"href":"https:\/\/www.redenoticia.com.br\/noticia\/wp-json\/wp\/v2\/posts"}],"about":[{"href":"https:\/\/www.redenoticia.com.br\/noticia\/wp-json\/wp\/v2\/types\/post"}],"author":[{"embeddable":true,"href":"https:\/\/www.redenoticia.com.br\/noticia\/wp-json\/wp\/v2\/users\/2"}],"replies":[{"embeddable":true,"href":"https:\/\/www.redenoticia.com.br\/noticia\/wp-json\/wp\/v2\/comments?post=105"}],"version-history":[{"count":0,"href":"https:\/\/www.redenoticia.com.br\/noticia\/wp-json\/wp\/v2\/posts\/105\/revisions"}],"wp:attachment":[{"href":"https:\/\/www.redenoticia.com.br\/noticia\/wp-json\/wp\/v2\/media?parent=105"}],"wp:term":[{"taxonomy":"category","embeddable":true,"href":"https:\/\/www.redenoticia.com.br\/noticia\/wp-json\/wp\/v2\/categories?post=105"},{"taxonomy":"post_tag","embeddable":true,"href":"https:\/\/www.redenoticia.com.br\/noticia\/wp-json\/wp\/v2\/tags?post=105"}],"curies":[{"name":"wp","href":"https:\/\/api.w.org\/{rel}","templated":true}]}}